{"id":1192,"date":"2022-07-17T23:16:39","date_gmt":"2022-07-18T04:16:39","guid":{"rendered":"https:\/\/lawandcorp.com\/?p=1192"},"modified":"2022-08-28T00:01:31","modified_gmt":"2022-08-28T05:01:31","slug":"resident-evil-de-netflix-comentarios-recepcion-y-relacion-con-los-videojuegos-alerta-de-spoiler","status":"publish","type":"post","link":"https:\/\/lawandcorp.com\/index.php\/2022\/07\/17\/resident-evil-de-netflix-comentarios-recepcion-y-relacion-con-los-videojuegos-alerta-de-spoiler\/","title":{"rendered":"RESIDENT EVIL DE NETFLIX: Comentarios, Recepci\u00f3n y Relaci\u00f3n con los Videojuegos (\u00a1Alerta de Spoiler!)."},"content":{"rendered":"\t\t<div data-elementor-type=\"wp-post\" data-elementor-id=\"1192\" class=\"elementor elementor-1192\" data-elementor-post-type=\"post\">\n\t\t\t\t\t\t<section class=\"elementor-section elementor-top-section elementor-element elementor-element-196f4ec elementor-section-boxed elementor-section-height-default elementor-section-height-default\" data-id=\"196f4ec\" data-element_type=\"section\">\n\t\t\t\t\t\t<div class=\"elementor-container elementor-column-gap-default\">\n\t\t\t\t\t<div class=\"elementor-column elementor-col-100 elementor-top-column elementor-element elementor-element-d332f7f\" data-id=\"d332f7f\" data-element_type=\"column\">\n\t\t\t<div class=\"elementor-widget-wrap elementor-element-populated\">\n\t\t\t\t\t\t<div class=\"elementor-element elementor-element-3f6cbe7 elementor-author-box--layout-image-above elementor-author-box--align-center elementor-author-box--link-yes elementor-author-box--avatar-yes elementor-author-box--name-yes elementor-author-box--biography-yes elementor-widget elementor-widget-author-box\" data-id=\"3f6cbe7\" data-element_type=\"widget\" data-widget_type=\"author-box.default\">\n\t\t\t\t<div class=\"elementor-widget-container\">\n\t\t\t\t\t\t\t<div class=\"elementor-author-box\">\n\t\t\t\t\t\t\t<div  class=\"elementor-author-box__avatar\">\n\t\t\t\t\t<img decoding=\"async\" src=\"https:\/\/secure.gravatar.com\/avatar\/a8582afd384628b6bc619570360b9862c67907030da23703775b92d5ca2bb465?s=300&#038;d=mm&#038;r=g\" alt=\"Imagen de LAW &amp; CORP\" loading=\"lazy\">\n\t\t\t\t<\/div>\n\t\t\t\n\t\t\t<div class=\"elementor-author-box__text\">\n\t\t\t\t\t\t\t\t\t<div >\n\t\t\t\t\t\t<h5 class=\"elementor-author-box__name\">\n\t\t\t\t\t\t\tLAW &amp; CORP\t\t\t\t\t\t<\/h5>\n\t\t\t\t\t<\/div>\n\t\t\t\t\n\t\t\t\t\t\t\t\t\t<div class=\"elementor-author-box__bio\">\n\t\t\t\t\t\t\t\t\t\t\t<\/div>\n\t\t\t\t\n\t\t\t\t\t\t\t\t\t<a class=\"elementor-author-box__button elementor-button elementor-size-xs\" href=\"https:\/\/lawandcorp.com\/index.php\/author\/lawandcorp\/\">\n\t\t\t\t\t\tAll Posts\t\t\t\t\t<\/a>\n\t\t\t\t\t\t\t<\/div>\n\t\t<\/div>\n\t\t\t\t\t\t<\/div>\n\t\t\t\t<\/div>\n\t\t\t\t\t<\/div>\n\t\t<\/div>\n\t\t\t\t\t<\/div>\n\t\t<\/section>\n\t\t\t\t<section class=\"elementor-section elementor-top-section elementor-element elementor-element-c47a8f7 elementor-section-boxed elementor-section-height-default elementor-section-height-default\" data-id=\"c47a8f7\" data-element_type=\"section\">\n\t\t\t\t\t\t<div class=\"elementor-container elementor-column-gap-default\">\n\t\t\t\t\t<div class=\"elementor-column elementor-col-100 elementor-top-column elementor-element elementor-element-4c0a6e8\" data-id=\"4c0a6e8\" data-element_type=\"column\">\n\t\t\t<div class=\"elementor-widget-wrap elementor-element-populated\">\n\t\t\t\t\t\t<div class=\"elementor-element elementor-element-c21e280 elementor-widget elementor-widget-text-editor\" data-id=\"c21e280\" data-element_type=\"widget\" data-widget_type=\"text-editor.default\">\n\t\t\t\t<div class=\"elementor-widget-container\">\n\t\t\t\t\t\t\t\t\t<p>Este es el primer art\u00edculo relacionado con temas de entretenimiento de esta p\u00e1gina, y en este caso, decidimos comenzar con un tema que se encuentra en el top de series m\u00e1s vistas en el mes de julio en la plataforma de Netflix: Resident Evil.<\/p><p>El pasado 14 de julio se estren\u00f3 esta serie, misma que tiene como origen todos los videojuegos que fueron lanzados para las consolas de varias generaciones desde los a\u00f1os 90; consta de ocho episodios cuya duraci\u00f3n ronda entre los 44 y 60 minutos, siendo el tema principal: los zombis.<\/p><p>La historia se desarrolla en una nueva Ciudad Raccoon, pues toda esta l\u00ednea temporal y\/o dimensional (a prop\u00f3sito de la moda de los multiversos) resulta derivada de los acontecimientos de 1998, es decir, lo que sucedi\u00f3 en la saga de videojuegos, principalmente en Resident Evil 0 al 3 y 5.<\/p><p>Al principio se pens\u00f3 que esto ser\u00eda un reboot de la franquicia, ya que los personajes que aparec\u00edan en el marketing inicial, nada tienen que ver, aparentemente con alguno de las entregas de los videojuegos.<\/p><p>En esta serie, podemos encontrar a algunos reconocidos actores como:<\/p><p style=\"text-align: center\">1. Lance Reddick &#8211; Interpreta a Albert Wesker<\/p>\t\t\t\t\t\t\t\t<\/div>\n\t\t\t\t<\/div>\n\t\t\t\t<div class=\"elementor-element elementor-element-a3e860b elementor-widget elementor-widget-image\" data-id=\"a3e860b\" data-element_type=\"widget\" data-widget_type=\"image.default\">\n\t\t\t\t<div class=\"elementor-widget-container\">\n\t\t\t\t\t\t\t\t\t\t\t\t\t\t\t<img decoding=\"async\" src=\"https:\/\/i0.wp.com\/lawandcorp.com\/wp-content\/uploads\/2022\/07\/Lance-Reddick.jpg?fit=218%2C280&#038;ssl=1\" title=\"Lance Reddick\" alt=\"Lance Reddick\" loading=\"lazy\" \/>\t\t\t\t\t\t\t\t\t\t\t\t\t\t\t<\/div>\n\t\t\t\t<\/div>\n\t\t\t\t\t<\/div>\n\t\t<\/div>\n\t\t\t\t\t<\/div>\n\t\t<\/section>\n\t\t\t\t<section class=\"elementor-section elementor-top-section elementor-element elementor-element-78db022 elementor-section-boxed elementor-section-height-default elementor-section-height-default\" data-id=\"78db022\" data-element_type=\"section\">\n\t\t\t\t\t\t<div class=\"elementor-container elementor-column-gap-default\">\n\t\t\t\t\t<div class=\"elementor-column elementor-col-100 elementor-top-column elementor-element elementor-element-c306340\" data-id=\"c306340\" data-element_type=\"column\">\n\t\t\t<div class=\"elementor-widget-wrap elementor-element-populated\">\n\t\t\t\t\t\t<div class=\"elementor-element elementor-element-270eab3 elementor-widget elementor-widget-text-editor\" data-id=\"270eab3\" data-element_type=\"widget\" data-widget_type=\"text-editor.default\">\n\t\t\t\t<div class=\"elementor-widget-container\">\n\t\t\t\t\t\t\t\t\t<p style=\"text-align: center\">Fuente de la imagen: <em>https:\/\/www.rottentomatoes.com\/celebrity\/lance_reddick<\/em><\/p><p style=\"text-align: center\">2. Paola N\u00fa\u00f1ez \u2013 Interpreta a Evelyn Marcus<\/p>\t\t\t\t\t\t\t\t<\/div>\n\t\t\t\t<\/div>\n\t\t\t\t<div class=\"elementor-element elementor-element-a719413 elementor-widget elementor-widget-image\" data-id=\"a719413\" data-element_type=\"widget\" data-widget_type=\"image.default\">\n\t\t\t\t<div class=\"elementor-widget-container\">\n\t\t\t\t\t\t\t\t\t\t\t\t\t\t\t<img decoding=\"async\" width=\"218\" height=\"218\" src=\"https:\/\/i0.wp.com\/lawandcorp.com\/wp-content\/uploads\/2022\/07\/Paola-Nunez.jpg?fit=218%2C218&amp;ssl=1\" class=\"attachment-medium size-medium wp-image-1211\" alt=\"\" \/>\t\t\t\t\t\t\t\t\t\t\t\t\t\t\t<\/div>\n\t\t\t\t<\/div>\n\t\t\t\t\t<\/div>\n\t\t<\/div>\n\t\t\t\t\t<\/div>\n\t\t<\/section>\n\t\t\t\t<section class=\"elementor-section elementor-top-section elementor-element elementor-element-cbfcac5 elementor-section-boxed elementor-section-height-default elementor-section-height-default\" data-id=\"cbfcac5\" data-element_type=\"section\">\n\t\t\t\t\t\t<div class=\"elementor-container elementor-column-gap-default\">\n\t\t\t\t\t<div class=\"elementor-column elementor-col-100 elementor-top-column elementor-element elementor-element-d8aa3fa\" data-id=\"d8aa3fa\" data-element_type=\"column\">\n\t\t\t<div class=\"elementor-widget-wrap elementor-element-populated\">\n\t\t\t\t\t\t<div class=\"elementor-element elementor-element-ea88e7f elementor-widget elementor-widget-text-editor\" data-id=\"ea88e7f\" data-element_type=\"widget\" data-widget_type=\"text-editor.default\">\n\t\t\t\t<div class=\"elementor-widget-container\">\n\t\t\t\t\t\t\t\t\t<p style=\"text-align: center\">Fuente de la imagen: <em>https:\/\/www.rottentomatoes.com\/celebrity\/paola_nunez<\/em><\/p><p>Sobre este reparto, hasta el momento, se han dejado ver cr\u00edticas divididas entre quienes ya tuvieron la oportunidad de comenzar o terminar de ver la serie, pues primeramente, nos encontramos con un t\u00edtulo que se encuentra en el primer lugar de las series m\u00e1s populares en la plataforma de streaming, pero que a la vez, los usuarios de redes sociales no han dejado de emitir su cr\u00edtica.<\/p><p>El primer punto es sobre el personaje de Albert Wesker, pues su apariencia f\u00edsica, rol y personalidad, nada tienen que ver con el que se conoce en los videojuegos o la saga de pel\u00edculas de Paul W.S. Anderson, ya que, aqu\u00ed tenemos a un padre de dos ni\u00f1as, que deja de ser el personaje fr\u00edo, calculador, con s\u00faper velocidad y reflejos que se dej\u00f3 ver en entregas previas.<\/p><p style=\"text-align: center\">Albert Wesker en Resident Evil: The Final Chapter<\/p>\t\t\t\t\t\t\t\t<\/div>\n\t\t\t\t<\/div>\n\t\t\t\t<div class=\"elementor-element elementor-element-015f91b elementor-widget elementor-widget-image\" data-id=\"015f91b\" data-element_type=\"widget\" data-widget_type=\"image.default\">\n\t\t\t\t<div class=\"elementor-widget-container\">\n\t\t\t\t\t\t\t\t\t\t\t\t\t\t\t<img fetchpriority=\"high\" decoding=\"async\" width=\"768\" height=\"512\" src=\"https:\/\/i0.wp.com\/lawandcorp.com\/wp-content\/uploads\/2022\/07\/Albert-Wesker.jpg?fit=768%2C512&amp;ssl=1\" class=\"attachment-medium_large size-medium_large wp-image-1212\" alt=\"\" srcset=\"https:\/\/i0.wp.com\/lawandcorp.com\/wp-content\/uploads\/2022\/07\/Albert-Wesker.jpg?w=1000&amp;ssl=1 1000w, https:\/\/i0.wp.com\/lawandcorp.com\/wp-content\/uploads\/2022\/07\/Albert-Wesker.jpg?resize=300%2C200&amp;ssl=1 300w, https:\/\/i0.wp.com\/lawandcorp.com\/wp-content\/uploads\/2022\/07\/Albert-Wesker.jpg?resize=768%2C512&amp;ssl=1 768w\" sizes=\"(max-width: 768px) 100vw, 768px\" \/>\t\t\t\t\t\t\t\t\t\t\t\t\t\t\t<\/div>\n\t\t\t\t<\/div>\n\t\t\t\t\t<\/div>\n\t\t<\/div>\n\t\t\t\t\t<\/div>\n\t\t<\/section>\n\t\t\t\t<section class=\"elementor-section elementor-top-section elementor-element elementor-element-8110480 elementor-section-boxed elementor-section-height-default elementor-section-height-default\" data-id=\"8110480\" data-element_type=\"section\">\n\t\t\t\t\t\t<div class=\"elementor-container elementor-column-gap-default\">\n\t\t\t\t\t<div class=\"elementor-column elementor-col-100 elementor-top-column elementor-element elementor-element-b0cc63f\" data-id=\"b0cc63f\" data-element_type=\"column\">\n\t\t\t<div class=\"elementor-widget-wrap elementor-element-populated\">\n\t\t\t\t\t\t<div class=\"elementor-element elementor-element-9ee49f5 elementor-widget elementor-widget-text-editor\" data-id=\"9ee49f5\" data-element_type=\"widget\" data-widget_type=\"text-editor.default\">\n\t\t\t\t<div class=\"elementor-widget-container\">\n\t\t\t\t\t\t\t\t\t<p style=\"text-align: center;\">Fuente de la imagen: <em>https:\/\/www.rottentomatoes.com\/celebrity\/shawn_roberts#&amp;gid=1&amp;pid=http:\/\/media.baselineres<\/em><br \/><em>earch.com\/images\/1650843\/1650843_full.jpg<\/em><\/p><p>Am\u00e9n de lo anterior, resulta que lejos de ser el \u201cbadass\u201d amado y a la vez odiado traicionero de los S.T.A.R.S., ahora se convierte en todo un personaje que sufre por sus defectos en su rol paternal, pues mientras \u00e9l se encuentra trabajando, descuida a su par de angelitos en una que otra ocasi\u00f3n durante la serie, lo cual les trae problemas a todos.<\/p><p>Sin embargo, esperemos que este cambio no se deba a un capricho cualquiera y que en un momento dado, justifiquen la ausencia del Wesker que ya estaba delineado en la saga de videojuegos, pues aparte de esto, el clich\u00e9 de los clones que ya hab\u00edamos visto con Alice en la saga de Anderson se ha hecho presente con este personaje, ahora ex villano que de alguna manera puede que siempre nos recuerde al conserje del Continental en la saga de John Wick.<\/p><p>Por otra parte, Evelyn Marcus, quien es la nieta de James Marcus, creador del Virus-T, es un nuevo personaje femenino que da continuaci\u00f3n a las pretensiones de la Corporaci\u00f3n Umbrella, es decir, el desarrollo de productos con base en este virus.<\/p><p>El car\u00e1cter de este personaje es Maquiav\u00e9lico, de tal forma, que no te puedes imaginar cu\u00e1les son los l\u00edmites que tiene para cumplir con sus objetivos. Seguramente la vas a amar, odiar, o ambas cosas, porque para ella, como dijo Niccol\u00f2 de Bernardo dei Machiavelli:<\/p><p style=\"text-align: center;\"><em>\u201cEl fin justifica los medios\u201d \u2013El Pr\u00edncipe-<\/em><\/p><p>A pesar de las cr\u00edticas que ha tenido la serie, no es posible llegar a una conclusi\u00f3n de que sea buena o mala, pues apenas se encuentra terminada la primera temporada, y al parecer se espera una continuaci\u00f3n con m\u00e1s acci\u00f3n y personajes del universo de esta saga de videojuegos.<\/p><p><span style=\"font-style: inherit; font-weight: inherit;\">Cabe mencionar, que ninguna de las adaptaciones a pel\u00edculas han sido completamente fieles a la saga de videojuegos, pues siempre cambian a los personajes principales en alg\u00fan aspecto, cosa que no gusta a los fan\u00e1ticos y que puede ser posible que por esa raz\u00f3n en Rotten Tomatoes sus calificaciones han rondado entre el 48% y el 68%.<\/span><\/p><p><span style=\"font-style: inherit; font-weight: inherit;\">No obstante lo anterior, hasta el momento, muy contadas han sido las adaptaciones de videojuegos que han obtenido comentarios favorables por los espectadores.<\/span><\/p><p><span style=\"font-style: inherit; font-weight: inherit;\">Luego entonces, resulta menester aclarar, que no se trata de un reboot, sino de una continuaci\u00f3n de la saga de videojuegos, toda vez, que como ya se ha mencionado anteriormente, esto es una continuidad de los acontecimientos de la Mansi\u00f3n Spencer y la posterior propagaci\u00f3n del virus en el mundo.<\/span><img decoding=\"async\" class=\"aligncenter wp-image-1301 size-full\" style=\"font-weight: inherit; text-align: center;\" src=\"https:\/\/i0.wp.com\/lawandcorp.com\/wp-content\/uploads\/2022\/07\/Recurso-1.png?resize=645%2C438&#038;ssl=1\" alt=\"\" width=\"645\" height=\"438\" data-recalc-dims=\"1\" srcset=\"https:\/\/i0.wp.com\/lawandcorp.com\/wp-content\/uploads\/2022\/07\/Recurso-1.png?w=645&amp;ssl=1 645w, https:\/\/i0.wp.com\/lawandcorp.com\/wp-content\/uploads\/2022\/07\/Recurso-1.png?resize=300%2C204&amp;ssl=1 300w\" sizes=\"(max-width: 645px) 100vw, 645px\" \/><\/p><p>Te invitamos a ver el canal de YouTube y dem\u00e1s redes sociales de Law &amp; Corp.<\/p><p>Te vemos despu\u00e9s.<\/p><p>\u00a1Hasta luego!<\/p>\t\t\t\t\t\t\t\t<\/div>\n\t\t\t\t<\/div>\n\t\t\t\t\t<\/div>\n\t\t<\/div>\n\t\t\t\t\t<\/div>\n\t\t<\/section>\n\t\t\t\t<section class=\"elementor-section elementor-top-section elementor-element elementor-element-bc67008 elementor-section-boxed elementor-section-height-default elementor-section-height-default\" data-id=\"bc67008\" data-element_type=\"section\">\n\t\t\t\t\t\t<div class=\"elementor-container elementor-column-gap-default\">\n\t\t\t\t\t<div class=\"elementor-column elementor-col-100 elementor-top-column elementor-element elementor-element-dfc01e6\" data-id=\"dfc01e6\" data-element_type=\"column\">\n\t\t\t<div class=\"elementor-widget-wrap\">\n\t\t\t\t\t\t\t<\/div>\n\t\t<\/div>\n\t\t\t\t\t<\/div>\n\t\t<\/section>\n\t\t\t\t<section class=\"elementor-section elementor-top-section elementor-element elementor-element-4508719 elementor-section-boxed elementor-section-height-default elementor-section-height-default\" data-id=\"4508719\" data-element_type=\"section\">\n\t\t\t\t\t\t<div class=\"elementor-container elementor-column-gap-default\">\n\t\t\t\t\t<div class=\"elementor-column elementor-col-50 elementor-top-column elementor-element elementor-element-a285b76\" data-id=\"a285b76\" data-element_type=\"column\">\n\t\t\t<div class=\"elementor-widget-wrap elementor-element-populated\">\n\t\t\t\t\t\t<div class=\"elementor-element elementor-element-b1eca2a elementor-widget elementor-widget-heading\" data-id=\"b1eca2a\" data-element_type=\"widget\" data-widget_type=\"heading.default\">\n\t\t\t\t<div class=\"elementor-widget-container\">\n\t\t\t\t\t<h6 class=\"elementor-heading-title elementor-size-default\">NO OLVIDES AGREGARTE A TODAS NUESTRAS REDES SOCIALES<\/h6>\t\t\t\t<\/div>\n\t\t\t\t<\/div>\n\t\t\t\t<div class=\"elementor-element elementor-element-60157b8 elementor-shape-rounded elementor-grid-0 e-grid-align-center elementor-widget elementor-widget-social-icons\" data-id=\"60157b8\" data-element_type=\"widget\" data-widget_type=\"social-icons.default\">\n\t\t\t\t<div class=\"elementor-widget-container\">\n\t\t\t\t\t\t\t<div class=\"elementor-social-icons-wrapper elementor-grid\" role=\"list\">\n\t\t\t\t\t\t\t<span class=\"elementor-grid-item\" role=\"listitem\">\n\t\t\t\t\t<a class=\"elementor-icon elementor-social-icon elementor-social-icon-facebook elementor-repeater-item-41a14f0\" href=\"https:\/\/www.facebook.com\/LawAndCorp\/\" target=\"_blank\">\n\t\t\t\t\t\t<span class=\"elementor-screen-only\">Facebook<\/span>\n\t\t\t\t\t\t<i aria-hidden=\"true\" class=\"fab fa-facebook\"><\/i>\t\t\t\t\t<\/a>\n\t\t\t\t<\/span>\n\t\t\t\t\t\t\t<span class=\"elementor-grid-item\" role=\"listitem\">\n\t\t\t\t\t<a class=\"elementor-icon elementor-social-icon elementor-social-icon-instagram elementor-repeater-item-5b297ff\" href=\"https:\/\/www.instagram.com\/lawandcorp\/\" target=\"_blank\">\n\t\t\t\t\t\t<span class=\"elementor-screen-only\">Instagram<\/span>\n\t\t\t\t\t\t<i aria-hidden=\"true\" class=\"fab fa-instagram\"><\/i>\t\t\t\t\t<\/a>\n\t\t\t\t<\/span>\n\t\t\t\t\t\t\t<span class=\"elementor-grid-item\" role=\"listitem\">\n\t\t\t\t\t<a class=\"elementor-icon elementor-social-icon elementor-social-icon-youtube elementor-repeater-item-f524173\" href=\"https:\/\/www.youtube.com\/channel\/UCUjlVkcLz-GPYKAq2tH5Mcg\" target=\"_blank\">\n\t\t\t\t\t\t<span class=\"elementor-screen-only\">Youtube<\/span>\n\t\t\t\t\t\t<i aria-hidden=\"true\" class=\"fab fa-youtube\"><\/i>\t\t\t\t\t<\/a>\n\t\t\t\t<\/span>\n\t\t\t\t\t\t\t<span class=\"elementor-grid-item\" role=\"listitem\">\n\t\t\t\t\t<a class=\"elementor-icon elementor-social-icon elementor-social-icon-twitter elementor-repeater-item-2f30507\" href=\"https:\/\/twitter.com\/LawAndCorp\" target=\"_blank\">\n\t\t\t\t\t\t<span class=\"elementor-screen-only\">Twitter<\/span>\n\t\t\t\t\t\t<i aria-hidden=\"true\" class=\"fab fa-twitter\"><\/i>\t\t\t\t\t<\/a>\n\t\t\t\t<\/span>\n\t\t\t\t\t<\/div>\n\t\t\t\t\t\t<\/div>\n\t\t\t\t<\/div>\n\t\t\t\t<div class=\"elementor-element elementor-element-a01b9bb elementor-shape-rounded elementor-grid-0 e-grid-align-center elementor-widget elementor-widget-social-icons\" data-id=\"a01b9bb\" data-element_type=\"widget\" data-widget_type=\"social-icons.default\">\n\t\t\t\t<div class=\"elementor-widget-container\">\n\t\t\t\t\t\t\t<div class=\"elementor-social-icons-wrapper elementor-grid\" role=\"list\">\n\t\t\t\t\t\t\t<span class=\"elementor-grid-item\" role=\"listitem\">\n\t\t\t\t\t<a class=\"elementor-icon elementor-social-icon elementor-social-icon-telegram elementor-repeater-item-cef34b0\" href=\"https:\/\/t.me\/+G4uM1YdO0LphNTUx\" target=\"_blank\">\n\t\t\t\t\t\t<span class=\"elementor-screen-only\">Telegram<\/span>\n\t\t\t\t\t\t<i aria-hidden=\"true\" class=\"fab fa-telegram\"><\/i>\t\t\t\t\t<\/a>\n\t\t\t\t<\/span>\n\t\t\t\t\t\t\t<span class=\"elementor-grid-item\" role=\"listitem\">\n\t\t\t\t\t<a class=\"elementor-icon elementor-social-icon elementor-social-icon-spotify elementor-repeater-item-4ba4966\" href=\"https:\/\/open.spotify.com\/show\/1fayfnsUCpQeX8lm9lUjfS\" target=\"_blank\">\n\t\t\t\t\t\t<span class=\"elementor-screen-only\">Spotify<\/span>\n\t\t\t\t\t\t<i aria-hidden=\"true\" class=\"fab fa-spotify\"><\/i>\t\t\t\t\t<\/a>\n\t\t\t\t<\/span>\n\t\t\t\t\t\t\t<span class=\"elementor-grid-item\" role=\"listitem\">\n\t\t\t\t\t<a class=\"elementor-icon elementor-social-icon elementor-social-icon-tiktok elementor-repeater-item-0103ff6\" href=\"https:\/\/www.tiktok.com\/@lawandcorp\" target=\"_blank\">\n\t\t\t\t\t\t<span class=\"elementor-screen-only\">Tiktok<\/span>\n\t\t\t\t\t\t<i aria-hidden=\"true\" class=\"fab fa-tiktok\"><\/i>\t\t\t\t\t<\/a>\n\t\t\t\t<\/span>\n\t\t\t\t\t<\/div>\n\t\t\t\t\t\t<\/div>\n\t\t\t\t<\/div>\n\t\t\t\t\t<\/div>\n\t\t<\/div>\n\t\t\t\t<div class=\"elementor-column elementor-col-50 elementor-top-column elementor-element elementor-element-178d99c\" data-id=\"178d99c\" data-element_type=\"column\">\n\t\t\t<div class=\"elementor-widget-wrap elementor-element-populated\">\n\t\t\t\t\t\t<div class=\"elementor-element elementor-element-b85fcde elementor-widget elementor-widget-heading\" data-id=\"b85fcde\" data-element_type=\"widget\" data-widget_type=\"heading.default\">\n\t\t\t\t<div class=\"elementor-widget-container\">\n\t\t\t\t\t<h2 class=\"elementor-heading-title elementor-size-default\">\u00daLTIMOS ART\u00cdCULOS\/NOTICIAS<\/h2>\t\t\t\t<\/div>\n\t\t\t\t<\/div>\n\t\t\t\t<div class=\"elementor-element elementor-element-d39344f elementor-posts--align-center elementor-grid-3 elementor-grid-tablet-2 elementor-grid-mobile-1 elementor-posts--thumbnail-top load-more-align-center elementor-widget elementor-widget-posts\" data-id=\"d39344f\" data-element_type=\"widget\" data-settings=\"{&quot;pagination_type&quot;:&quot;load_more_on_click&quot;,&quot;classic_columns&quot;:&quot;3&quot;,&quot;classic_columns_tablet&quot;:&quot;2&quot;,&quot;classic_columns_mobile&quot;:&quot;1&quot;,&quot;classic_row_gap&quot;:{&quot;unit&quot;:&quot;px&quot;,&quot;size&quot;:35,&quot;sizes&quot;:[]},&quot;classic_row_gap_tablet&quot;:{&quot;unit&quot;:&quot;px&quot;,&quot;size&quot;:&quot;&quot;,&quot;sizes&quot;:[]},&quot;classic_row_gap_mobile&quot;:{&quot;unit&quot;:&quot;px&quot;,&quot;size&quot;:&quot;&quot;,&quot;sizes&quot;:[]},&quot;load_more_spinner&quot;:{&quot;value&quot;:&quot;fas fa-spinner&quot;,&quot;library&quot;:&quot;fa-solid&quot;}}\" data-widget_type=\"posts.classic\">\n\t\t\t\t<div class=\"elementor-widget-container\">\n\t\t\t\t\t\t\t<div class=\"elementor-posts-container elementor-posts elementor-posts--skin-classic elementor-grid\">\n\t\t\t\t<article class=\"elementor-post elementor-grid-item post-3139 post type-post status-publish format-standard has-post-thumbnail hentry category-todos-los-articulos category-derecho category-psicologia tag-abogado tag-abogados tag-derecho tag-derecho-civil tag-derecho-de-familia tag-derecho-familiar tag-law-corp tag-law-and-corp tag-mexico tag-michoacan tag-morelia tag-trending\">\n\t\t\t\t<a class=\"elementor-post__thumbnail__link\" href=\"https:\/\/lawandcorp.com\/index.php\/2025\/08\/05\/me-divorcio-o-sigo-una-metafora-para-cambiar-tu-vision\/\" tabindex=\"-1\" >\n\t\t\t<div class=\"elementor-post__thumbnail\"><img loading=\"lazy\" decoding=\"async\" width=\"300\" height=\"200\" src=\"https:\/\/i0.wp.com\/lawandcorp.com\/wp-content\/uploads\/2025\/05\/PARA-ARTICULO-DE-LAW-CORP-scaled.jpg?fit=300%2C200&amp;ssl=1\" class=\"attachment-medium size-medium wp-image-3061\" alt=\"\" srcset=\"https:\/\/i0.wp.com\/lawandcorp.com\/wp-content\/uploads\/2025\/05\/PARA-ARTICULO-DE-LAW-CORP-scaled.jpg?w=2560&amp;ssl=1 2560w, https:\/\/i0.wp.com\/lawandcorp.com\/wp-content\/uploads\/2025\/05\/PARA-ARTICULO-DE-LAW-CORP-scaled.jpg?resize=300%2C200&amp;ssl=1 300w, https:\/\/i0.wp.com\/lawandcorp.com\/wp-content\/uploads\/2025\/05\/PARA-ARTICULO-DE-LAW-CORP-scaled.jpg?resize=1024%2C683&amp;ssl=1 1024w, https:\/\/i0.wp.com\/lawandcorp.com\/wp-content\/uploads\/2025\/05\/PARA-ARTICULO-DE-LAW-CORP-scaled.jpg?resize=768%2C512&amp;ssl=1 768w, https:\/\/i0.wp.com\/lawandcorp.com\/wp-content\/uploads\/2025\/05\/PARA-ARTICULO-DE-LAW-CORP-scaled.jpg?resize=1536%2C1025&amp;ssl=1 1536w, https:\/\/i0.wp.com\/lawandcorp.com\/wp-content\/uploads\/2025\/05\/PARA-ARTICULO-DE-LAW-CORP-scaled.jpg?resize=2048%2C1367&amp;ssl=1 2048w\" sizes=\"(max-width: 300px) 100vw, 300px\" \/><\/div>\n\t\t<\/a>\n\t\t\t\t<div class=\"elementor-post__text\">\n\t\t\t\t<h5 class=\"elementor-post__title\">\n\t\t\t<a href=\"https:\/\/lawandcorp.com\/index.php\/2025\/08\/05\/me-divorcio-o-sigo-una-metafora-para-cambiar-tu-vision\/\" >\n\t\t\t\t\u00bfME DIVORCIO O SIGO? UNA MET\u00c1FORA PARA CAMBIAR TU VISI\u00d3N.\t\t\t<\/a>\n\t\t<\/h5>\n\t\t\t\t<div class=\"elementor-post__meta-data\">\n\t\t\t\t\t<span class=\"elementor-post-author\">\n\t\t\tDANIEL ALEJANDRO MAGA\u00d1A URBINA\t\t<\/span>\n\t\t\t\t<span class=\"elementor-post-date\">\n\t\t\t5 de agosto de 2025\t\t<\/span>\n\t\t\t\t<\/div>\n\t\t\t\t<div class=\"elementor-post__excerpt\">\n\t\t\t<p>El matrimonio es una instituci\u00f3n muy importante que se debe de cuidar con el apoyo mutuo de la pareja, por lo cual, te comparto unas<\/p>\n\t\t<\/div>\n\t\t\n\t\t<a class=\"elementor-post__read-more\" href=\"https:\/\/lawandcorp.com\/index.php\/2025\/08\/05\/me-divorcio-o-sigo-una-metafora-para-cambiar-tu-vision\/\" aria-label=\"M\u00e1s informaci\u00f3n sobre \u00bfME DIVORCIO O SIGO? UNA MET\u00c1FORA PARA CAMBIAR TU VISI\u00d3N.\" tabindex=\"-1\" >\n\t\t\t\u00a1LEER ART\u00cdCULO!\t\t<\/a>\n\n\t\t\t\t<\/div>\n\t\t\t\t<\/article>\n\t\t\t\t<article class=\"elementor-post elementor-grid-item post-3110 post type-post status-publish format-standard has-post-thumbnail hentry category-todos-los-articulos category-derecho tag-derecho tag-eleccion-judicial tag-elecciones tag-ine tag-law-corp tag-law-and-corp tag-mexico tag-poder-judicial tag-poder-judicial-de-la-federacion tag-trending tag-trending-topic\">\n\t\t\t\t<a class=\"elementor-post__thumbnail__link\" href=\"https:\/\/lawandcorp.com\/index.php\/2025\/05\/31\/patron-o-jefe-que-da-acordeon-debe-de-ir-a-prision\/\" tabindex=\"-1\" >\n\t\t\t<div class=\"elementor-post__thumbnail\"><img loading=\"lazy\" decoding=\"async\" width=\"300\" height=\"169\" src=\"https:\/\/i0.wp.com\/lawandcorp.com\/wp-content\/uploads\/2025\/05\/IMAGEN-PARA-ARTICULO-100.jpg?fit=300%2C169&amp;ssl=1\" class=\"attachment-medium size-medium wp-image-3097\" alt=\"\" srcset=\"https:\/\/i0.wp.com\/lawandcorp.com\/wp-content\/uploads\/2025\/05\/IMAGEN-PARA-ARTICULO-100.jpg?w=1281&amp;ssl=1 1281w, https:\/\/i0.wp.com\/lawandcorp.com\/wp-content\/uploads\/2025\/05\/IMAGEN-PARA-ARTICULO-100.jpg?resize=300%2C169&amp;ssl=1 300w, https:\/\/i0.wp.com\/lawandcorp.com\/wp-content\/uploads\/2025\/05\/IMAGEN-PARA-ARTICULO-100.jpg?resize=1024%2C576&amp;ssl=1 1024w, https:\/\/i0.wp.com\/lawandcorp.com\/wp-content\/uploads\/2025\/05\/IMAGEN-PARA-ARTICULO-100.jpg?resize=768%2C432&amp;ssl=1 768w\" sizes=\"(max-width: 300px) 100vw, 300px\" \/><\/div>\n\t\t<\/a>\n\t\t\t\t<div class=\"elementor-post__text\">\n\t\t\t\t<h5 class=\"elementor-post__title\">\n\t\t\t<a href=\"https:\/\/lawandcorp.com\/index.php\/2025\/05\/31\/patron-o-jefe-que-da-acordeon-debe-de-ir-a-prision\/\" >\n\t\t\t\tPATR\u00d3N O JEFE QUE DA ACORDE\u00d3N DEBE DE IR A PRISI\u00d3N\t\t\t<\/a>\n\t\t<\/h5>\n\t\t\t\t<div class=\"elementor-post__meta-data\">\n\t\t\t\t\t<span class=\"elementor-post-author\">\n\t\t\tLAW &#38; CORP\t\t<\/span>\n\t\t\t\t<span class=\"elementor-post-date\">\n\t\t\t31 de mayo de 2025\t\t<\/span>\n\t\t\t\t<\/div>\n\t\t\t\t<div class=\"elementor-post__excerpt\">\n\t\t\t<p>Por: LAW &amp; CORP En estas elecciones, lo que deber\u00eda ser un ejercicio libre y consciente se est\u00e1 viendo ensuciado por pr\u00e1cticas ilegales, inmorales y<\/p>\n\t\t<\/div>\n\t\t\n\t\t<a class=\"elementor-post__read-more\" href=\"https:\/\/lawandcorp.com\/index.php\/2025\/05\/31\/patron-o-jefe-que-da-acordeon-debe-de-ir-a-prision\/\" aria-label=\"M\u00e1s informaci\u00f3n sobre PATR\u00d3N O JEFE QUE DA ACORDE\u00d3N DEBE DE IR A PRISI\u00d3N\" tabindex=\"-1\" >\n\t\t\t\u00a1LEER ART\u00cdCULO!\t\t<\/a>\n\n\t\t\t\t<\/div>\n\t\t\t\t<\/article>\n\t\t\t\t<article class=\"elementor-post elementor-grid-item post-3096 post type-post status-publish format-standard has-post-thumbnail hentry category-todos-los-articulos category-derecho tag-derecho tag-eleccion-judicial tag-law-corp tag-law-and-corp tag-mexico tag-poder-judicial tag-poder-judicial-de-la-federacion tag-trending tag-trending-topic\">\n\t\t\t\t<a class=\"elementor-post__thumbnail__link\" href=\"https:\/\/lawandcorp.com\/index.php\/2025\/05\/31\/acordeones-en-la-eleccion-pjf-el-camino-hacia-el-terror\/\" tabindex=\"-1\" >\n\t\t\t<div class=\"elementor-post__thumbnail\"><img loading=\"lazy\" decoding=\"async\" width=\"300\" height=\"169\" src=\"https:\/\/i0.wp.com\/lawandcorp.com\/wp-content\/uploads\/2025\/05\/IMAGEN-PARA-ARTICULO-100.jpg?fit=300%2C169&amp;ssl=1\" class=\"attachment-medium size-medium wp-image-3097\" alt=\"\" srcset=\"https:\/\/i0.wp.com\/lawandcorp.com\/wp-content\/uploads\/2025\/05\/IMAGEN-PARA-ARTICULO-100.jpg?w=1281&amp;ssl=1 1281w, https:\/\/i0.wp.com\/lawandcorp.com\/wp-content\/uploads\/2025\/05\/IMAGEN-PARA-ARTICULO-100.jpg?resize=300%2C169&amp;ssl=1 300w, https:\/\/i0.wp.com\/lawandcorp.com\/wp-content\/uploads\/2025\/05\/IMAGEN-PARA-ARTICULO-100.jpg?resize=1024%2C576&amp;ssl=1 1024w, https:\/\/i0.wp.com\/lawandcorp.com\/wp-content\/uploads\/2025\/05\/IMAGEN-PARA-ARTICULO-100.jpg?resize=768%2C432&amp;ssl=1 768w\" sizes=\"(max-width: 300px) 100vw, 300px\" \/><\/div>\n\t\t<\/a>\n\t\t\t\t<div class=\"elementor-post__text\">\n\t\t\t\t<h5 class=\"elementor-post__title\">\n\t\t\t<a href=\"https:\/\/lawandcorp.com\/index.php\/2025\/05\/31\/acordeones-en-la-eleccion-pjf-el-camino-hacia-el-terror\/\" >\n\t\t\t\tACORDEONES EN LA ELECCI\u00d3N (PJF): EL CAMINO HACIA EL TERROR\t\t\t<\/a>\n\t\t<\/h5>\n\t\t\t\t<div class=\"elementor-post__meta-data\">\n\t\t\t\t\t<span class=\"elementor-post-author\">\n\t\t\tLAW &#38; CORP\t\t<\/span>\n\t\t\t\t<span class=\"elementor-post-date\">\n\t\t\t31 de mayo de 2025\t\t<\/span>\n\t\t\t\t<\/div>\n\t\t\t\t<div class=\"elementor-post__excerpt\">\n\t\t\t<p>Por: LAW &amp; CORP En esta in\u00e9dita elecci\u00f3n de jueces y magistrados, la ciudadan\u00eda tiene un papel hist\u00f3rico: elegir a quienes impartir\u00e1n justicia. Pero la<\/p>\n\t\t<\/div>\n\t\t\n\t\t<a class=\"elementor-post__read-more\" href=\"https:\/\/lawandcorp.com\/index.php\/2025\/05\/31\/acordeones-en-la-eleccion-pjf-el-camino-hacia-el-terror\/\" aria-label=\"M\u00e1s informaci\u00f3n sobre ACORDEONES EN LA ELECCI\u00d3N (PJF): EL CAMINO HACIA EL TERROR\" tabindex=\"-1\" >\n\t\t\t\u00a1LEER ART\u00cdCULO!\t\t<\/a>\n\n\t\t\t\t<\/div>\n\t\t\t\t<\/article>\n\t\t\t\t<article class=\"elementor-post elementor-grid-item post-3014 post type-post status-publish format-standard has-post-thumbnail hentry category-todos-los-articulos category-corporacion category-psicologia tag-corporacion tag-derecho-laboral tag-justicia-laboral tag-law-corp tag-law-and-corp tag-mexico tag-nuevo-sistema-de-justicia-laboral tag-psicologia tag-psicologo tag-psicologos tag-psicoterapia tag-reforma-laboral tag-relacion-laboral tag-relaciones-laborales tag-salud tag-salud-mental tag-sistema-de-justicia-laboral tag-trending tag-trending-topic\">\n\t\t\t\t<a class=\"elementor-post__thumbnail__link\" href=\"https:\/\/lawandcorp.com\/index.php\/2024\/12\/14\/estres-laboral\/\" tabindex=\"-1\" >\n\t\t\t<div class=\"elementor-post__thumbnail\"><img loading=\"lazy\" decoding=\"async\" width=\"300\" height=\"202\" src=\"https:\/\/i0.wp.com\/lawandcorp.com\/wp-content\/uploads\/2024\/12\/shot-of-a-young-businessman-feeling-stressed-out-i-2023-11-27-05-10-14-utc-min-scaled.jpg?fit=300%2C202&amp;ssl=1\" class=\"attachment-medium size-medium wp-image-3016\" alt=\"\" srcset=\"https:\/\/i0.wp.com\/lawandcorp.com\/wp-content\/uploads\/2024\/12\/shot-of-a-young-businessman-feeling-stressed-out-i-2023-11-27-05-10-14-utc-min-scaled.jpg?w=2560&amp;ssl=1 2560w, https:\/\/i0.wp.com\/lawandcorp.com\/wp-content\/uploads\/2024\/12\/shot-of-a-young-businessman-feeling-stressed-out-i-2023-11-27-05-10-14-utc-min-scaled.jpg?resize=300%2C202&amp;ssl=1 300w, https:\/\/i0.wp.com\/lawandcorp.com\/wp-content\/uploads\/2024\/12\/shot-of-a-young-businessman-feeling-stressed-out-i-2023-11-27-05-10-14-utc-min-scaled.jpg?resize=1024%2C690&amp;ssl=1 1024w, https:\/\/i0.wp.com\/lawandcorp.com\/wp-content\/uploads\/2024\/12\/shot-of-a-young-businessman-feeling-stressed-out-i-2023-11-27-05-10-14-utc-min-scaled.jpg?resize=768%2C517&amp;ssl=1 768w, https:\/\/i0.wp.com\/lawandcorp.com\/wp-content\/uploads\/2024\/12\/shot-of-a-young-businessman-feeling-stressed-out-i-2023-11-27-05-10-14-utc-min-scaled.jpg?resize=1536%2C1035&amp;ssl=1 1536w, https:\/\/i0.wp.com\/lawandcorp.com\/wp-content\/uploads\/2024\/12\/shot-of-a-young-businessman-feeling-stressed-out-i-2023-11-27-05-10-14-utc-min-scaled.jpg?resize=2048%2C1380&amp;ssl=1 2048w\" sizes=\"(max-width: 300px) 100vw, 300px\" \/><\/div>\n\t\t<\/a>\n\t\t\t\t<div class=\"elementor-post__text\">\n\t\t\t\t<h5 class=\"elementor-post__title\">\n\t\t\t<a href=\"https:\/\/lawandcorp.com\/index.php\/2024\/12\/14\/estres-laboral\/\" >\n\t\t\t\tESTR\u00c9S LABORAL\t\t\t<\/a>\n\t\t<\/h5>\n\t\t\t\t<div class=\"elementor-post__meta-data\">\n\t\t\t\t\t<span class=\"elementor-post-author\">\n\t\t\tCLAUDIA GONZ\u00c1LEZ RODR\u00cdGUEZ\t\t<\/span>\n\t\t\t\t<span class=\"elementor-post-date\">\n\t\t\t14 de diciembre de 2024\t\t<\/span>\n\t\t\t\t<\/div>\n\t\t\t\t<div class=\"elementor-post__excerpt\">\n\t\t\t<p>Hoy en d\u00eda, es com\u00fan utilizar el t\u00e9rmino \u00abestr\u00e9s\u00bb con frecuencia, asoci\u00e1ndolo a estados de \u00e1nimo, situaciones econ\u00f3micas, exigencias laborales, noticias, problemas medioambientales, violencia, inseguridad,<\/p>\n\t\t<\/div>\n\t\t\n\t\t<a class=\"elementor-post__read-more\" href=\"https:\/\/lawandcorp.com\/index.php\/2024\/12\/14\/estres-laboral\/\" aria-label=\"M\u00e1s informaci\u00f3n sobre ESTR\u00c9S LABORAL\" tabindex=\"-1\" >\n\t\t\t\u00a1LEER ART\u00cdCULO!\t\t<\/a>\n\n\t\t\t\t<\/div>\n\t\t\t\t<\/article>\n\t\t\t\t<article class=\"elementor-post elementor-grid-item post-2996 post type-post status-publish format-standard has-post-thumbnail hentry category-todos-los-articulos category-derecho category-psicologia tag-amparo tag-delitos tag-derecho tag-derecho-civil tag-derecho-de-familia tag-derecho-familiar tag-derecho-penal tag-familia tag-law-corp tag-law-and-corp tag-menores tag-mexico tag-mujer tag-pjf tag-poder-judicial tag-scjn tag-sentencia tag-trending tag-trending-topic tag-violencia-vicaria\">\n\t\t\t\t<a class=\"elementor-post__thumbnail__link\" href=\"https:\/\/lawandcorp.com\/index.php\/2024\/12\/01\/violencia-vicaria-te-voy-a-dar-donde-mas-te-duele\/\" tabindex=\"-1\" >\n\t\t\t<div class=\"elementor-post__thumbnail\"><img loading=\"lazy\" decoding=\"async\" width=\"300\" height=\"200\" src=\"https:\/\/i0.wp.com\/lawandcorp.com\/wp-content\/uploads\/2024\/12\/stop-violence-against-children-2023-11-27-05-06-00-utc-min-scaled.jpg?fit=300%2C200&amp;ssl=1\" class=\"attachment-medium size-medium wp-image-2997\" alt=\"\" srcset=\"https:\/\/i0.wp.com\/lawandcorp.com\/wp-content\/uploads\/2024\/12\/stop-violence-against-children-2023-11-27-05-06-00-utc-min-scaled.jpg?w=2560&amp;ssl=1 2560w, https:\/\/i0.wp.com\/lawandcorp.com\/wp-content\/uploads\/2024\/12\/stop-violence-against-children-2023-11-27-05-06-00-utc-min-scaled.jpg?resize=300%2C200&amp;ssl=1 300w, https:\/\/i0.wp.com\/lawandcorp.com\/wp-content\/uploads\/2024\/12\/stop-violence-against-children-2023-11-27-05-06-00-utc-min-scaled.jpg?resize=1024%2C683&amp;ssl=1 1024w, https:\/\/i0.wp.com\/lawandcorp.com\/wp-content\/uploads\/2024\/12\/stop-violence-against-children-2023-11-27-05-06-00-utc-min-scaled.jpg?resize=768%2C512&amp;ssl=1 768w, https:\/\/i0.wp.com\/lawandcorp.com\/wp-content\/uploads\/2024\/12\/stop-violence-against-children-2023-11-27-05-06-00-utc-min-scaled.jpg?resize=1536%2C1024&amp;ssl=1 1536w, https:\/\/i0.wp.com\/lawandcorp.com\/wp-content\/uploads\/2024\/12\/stop-violence-against-children-2023-11-27-05-06-00-utc-min-scaled.jpg?resize=2048%2C1365&amp;ssl=1 2048w\" sizes=\"(max-width: 300px) 100vw, 300px\" \/><\/div>\n\t\t<\/a>\n\t\t\t\t<div class=\"elementor-post__text\">\n\t\t\t\t<h5 class=\"elementor-post__title\">\n\t\t\t<a href=\"https:\/\/lawandcorp.com\/index.php\/2024\/12\/01\/violencia-vicaria-te-voy-a-dar-donde-mas-te-duele\/\" >\n\t\t\t\tVIOLENCIA VICARIA: \u00abTE VOY A DAR DONDE M\u00c1S TE DUELE\u00bb\t\t\t<\/a>\n\t\t<\/h5>\n\t\t\t\t<div class=\"elementor-post__meta-data\">\n\t\t\t\t\t<span class=\"elementor-post-author\">\n\t\t\tESTHER ERIZBETH L\u00d3PEZ ESCOBAR\t\t<\/span>\n\t\t\t\t<span class=\"elementor-post-date\">\n\t\t\t1 de diciembre de 2024\t\t<\/span>\n\t\t\t\t<\/div>\n\t\t\t\t<div class=\"elementor-post__excerpt\">\n\t\t\t<p>Violencia vicaria, es aquella violencia que se ejerce sobre las hijas e hijos, abuelos maternos, hermanos o familiares y c\u00edrculos afectivos de una mujer para<\/p>\n\t\t<\/div>\n\t\t\n\t\t<a class=\"elementor-post__read-more\" href=\"https:\/\/lawandcorp.com\/index.php\/2024\/12\/01\/violencia-vicaria-te-voy-a-dar-donde-mas-te-duele\/\" aria-label=\"M\u00e1s informaci\u00f3n sobre VIOLENCIA VICARIA: \u00abTE VOY A DAR DONDE M\u00c1S TE DUELE\u00bb\" tabindex=\"-1\" >\n\t\t\t\u00a1LEER ART\u00cdCULO!\t\t<\/a>\n\n\t\t\t\t<\/div>\n\t\t\t\t<\/article>\n\t\t\t\t<article class=\"elementor-post elementor-grid-item post-2973 post type-post status-publish format-standard has-post-thumbnail hentry category-todos-los-articulos category-corporacion category-derecho category-psicologia tag-abogado tag-abogados tag-derecho tag-derecho-del-trabajo tag-derecho-fiscal tag-derecho-laboral tag-derecho-penal tag-empresa tag-empresas tag-entretenimiento tag-justicia-laboral tag-law-corp tag-law-and-corp tag-mexico tag-negocios tag-nuevo-sistema-de-justicia-laboral tag-psicologia tag-trending tag-trending-topic tag-trends\">\n\t\t\t\t<a class=\"elementor-post__thumbnail__link\" href=\"https:\/\/lawandcorp.com\/index.php\/2024\/11\/16\/personas-chiquitas-en-puestos-grandes\/\" tabindex=\"-1\" >\n\t\t\t<div class=\"elementor-post__thumbnail\"><img loading=\"lazy\" decoding=\"async\" width=\"300\" height=\"200\" src=\"https:\/\/i0.wp.com\/lawandcorp.com\/wp-content\/uploads\/2024\/11\/angry-senior-businessman-sitting-at-his-desk-and-s-2024-02-06-14-24-36-utc-min-scaled.jpg?fit=300%2C200&amp;ssl=1\" class=\"attachment-medium size-medium wp-image-2977\" alt=\"\" srcset=\"https:\/\/i0.wp.com\/lawandcorp.com\/wp-content\/uploads\/2024\/11\/angry-senior-businessman-sitting-at-his-desk-and-s-2024-02-06-14-24-36-utc-min-scaled.jpg?w=2560&amp;ssl=1 2560w, https:\/\/i0.wp.com\/lawandcorp.com\/wp-content\/uploads\/2024\/11\/angry-senior-businessman-sitting-at-his-desk-and-s-2024-02-06-14-24-36-utc-min-scaled.jpg?resize=300%2C200&amp;ssl=1 300w, https:\/\/i0.wp.com\/lawandcorp.com\/wp-content\/uploads\/2024\/11\/angry-senior-businessman-sitting-at-his-desk-and-s-2024-02-06-14-24-36-utc-min-scaled.jpg?resize=1024%2C681&amp;ssl=1 1024w, https:\/\/i0.wp.com\/lawandcorp.com\/wp-content\/uploads\/2024\/11\/angry-senior-businessman-sitting-at-his-desk-and-s-2024-02-06-14-24-36-utc-min-scaled.jpg?resize=768%2C511&amp;ssl=1 768w, https:\/\/i0.wp.com\/lawandcorp.com\/wp-content\/uploads\/2024\/11\/angry-senior-businessman-sitting-at-his-desk-and-s-2024-02-06-14-24-36-utc-min-scaled.jpg?resize=1536%2C1022&amp;ssl=1 1536w, https:\/\/i0.wp.com\/lawandcorp.com\/wp-content\/uploads\/2024\/11\/angry-senior-businessman-sitting-at-his-desk-and-s-2024-02-06-14-24-36-utc-min-scaled.jpg?resize=2048%2C1363&amp;ssl=1 2048w\" sizes=\"(max-width: 300px) 100vw, 300px\" \/><\/div>\n\t\t<\/a>\n\t\t\t\t<div class=\"elementor-post__text\">\n\t\t\t\t<h5 class=\"elementor-post__title\">\n\t\t\t<a href=\"https:\/\/lawandcorp.com\/index.php\/2024\/11\/16\/personas-chiquitas-en-puestos-grandes\/\" >\n\t\t\t\tPERSONAS CHIQUITAS EN PUESTOS GRANDES\t\t\t<\/a>\n\t\t<\/h5>\n\t\t\t\t<div class=\"elementor-post__meta-data\">\n\t\t\t\t\t<span class=\"elementor-post-author\">\n\t\t\tDANIEL ALEJANDRO MAGA\u00d1A URBINA\t\t<\/span>\n\t\t\t\t<span class=\"elementor-post-date\">\n\t\t\t16 de noviembre de 2024\t\t<\/span>\n\t\t\t\t<\/div>\n\t\t\t\t<div class=\"elementor-post__excerpt\">\n\t\t\t<p>Las relaciones laborales representan el aspecto m\u00e1s importante de una organizaci\u00f3n. Sin una regulaci\u00f3n correcta de quien detenta el poder, las consecuencias en perjuicio de<\/p>\n\t\t<\/div>\n\t\t\n\t\t<a class=\"elementor-post__read-more\" href=\"https:\/\/lawandcorp.com\/index.php\/2024\/11\/16\/personas-chiquitas-en-puestos-grandes\/\" aria-label=\"M\u00e1s informaci\u00f3n sobre PERSONAS CHIQUITAS EN PUESTOS GRANDES\" tabindex=\"-1\" >\n\t\t\t\u00a1LEER ART\u00cdCULO!\t\t<\/a>\n\n\t\t\t\t<\/div>\n\t\t\t\t<\/article>\n\t\t\t\t<\/div>\n\t\t\t\t\t<span class=\"e-load-more-spinner\">\n\t\t\t\t<i aria-hidden=\"true\" class=\"fas fa-spinner\"><\/i>\t\t\t<\/span>\n\t\t\n\t\t\t\t<div class=\"e-load-more-anchor\" data-page=\"1\" data-max-page=\"9\" data-next-page=\"https:\/\/lawandcorp.com\/index.php\/wp-json\/wp\/v2\/posts\/1192\/page\/2\/\"><\/div>\n\t\t\t\t<div class=\"elementor-button-wrapper\">\n\t\t\t<a href=\"#\" class=\"elementor-button-link elementor-button\" role=\"button\">\n\t\t\t\t\t\t<span class=\"elementor-button-content-wrapper\">\n\t\t\t\t\t\t\t\t\t<span class=\"elementor-button-text\">Load More<\/span>\n\t\t\t\t\t<\/span>\n\t\t\t\t\t<\/a>\n\t\t<\/div>\n\t\t\t\t<div class=\"e-load-more-message\">No more posts to show<\/div>\n\t\t\t\t\t\t<\/div>\n\t\t\t\t<\/div>\n\t\t\t\t\t<\/div>\n\t\t<\/div>\n\t\t\t\t\t<\/div>\n\t\t<\/section>\n\t\t\t\t<section class=\"elementor-section elementor-top-section elementor-element elementor-element-61e4d8a elementor-section-boxed elementor-section-height-default elementor-section-height-default\" data-id=\"61e4d8a\" data-element_type=\"section\">\n\t\t\t\t\t\t<div class=\"elementor-container elementor-column-gap-default\">\n\t\t\t\t\t<div class=\"elementor-column elementor-col-100 elementor-top-column elementor-element elementor-element-22b23ce\" data-id=\"22b23ce\" data-element_type=\"column\">\n\t\t\t<div class=\"elementor-widget-wrap\">\n\t\t\t\t\t\t\t<\/div>\n\t\t<\/div>\n\t\t\t\t\t<\/div>\n\t\t<\/section>\n\t\t\t\t<\/div>\n\t\t","protected":false},"excerpt":{"rendered":"<p>Este es el primer art\u00edculo relacionado con temas de entretenimiento de esta p\u00e1gina, y en este caso, decidimos comenzar con un tema que se encuentra en el top de series m\u00e1s vistas en el mes de julio en la plataforma de Netflix: Resident Evil. El pasado 14 de julio se estren\u00f3 esta serie, misma que &hellip;<\/p>\n<p class=\"read-more\"> <a class=\"\" href=\"https:\/\/lawandcorp.com\/index.php\/2024\/11\/16\/personas-chiquitas-en-puestos-grandes\/\"> <span class=\"screen-reader-text\">PERSONAS CHIQUITAS EN PUESTOS GRANDES<\/span> Leer m\u00e1s &raquo;<\/a><\/p>\n","protected":false},"author":3,"featured_media":1194,"comment_status":"closed","ping_status":"open","sticky":true,"template":"","format":"standard","meta":{"om_disable_all_campaigns":false,"_monsterinsights_skip_tracking":false,"_monsterinsights_sitenote_active":false,"_monsterinsights_sitenote_note":"","_monsterinsights_sitenote_category":0,"site-sidebar-layout":"default","site-content-layout":"default","ast-main-header-display":"","ast-hfb-above-header-display":"","ast-hfb-below-header-display":"","ast-hfb-mobile-header-display":"","site-post-title":"","ast-breadcrumbs-content":"","ast-featured-img":"","footer-sml-layout":"","theme-transparent-header-meta":"","adv-header-id-meta":"","stick-header-meta":"","header-above-stick-meta":"","header-main-stick-meta":"","header-below-stick-meta":"","_jetpack_memberships_contains_paid_content":false,"footnotes":""},"categories":[26,107],"tags":[23,18,22,21,19,20],"class_list":["post-1192","post","type-post","status-publish","format-standard","has-post-thumbnail","hentry","category-entretenimiento","category-peliculas","tag-23","tag-capcom","tag-entretenimiento","tag-netflix","tag-resident-evil","tag-videojuegos"],"aioseo_notices":[],"jetpack_sharing_enabled":true,"jetpack_featured_media_url":"https:\/\/i0.wp.com\/lawandcorp.com\/wp-content\/uploads\/2022\/07\/Resident.gif?fit=1056%2C594&ssl=1","jetpack-related-posts":[],"_links":{"self":[{"href":"https:\/\/lawandcorp.com\/index.php\/wp-json\/wp\/v2\/posts\/1192","targetHints":{"allow":["GET"]}}],"collection":[{"href":"https:\/\/lawandcorp.com\/index.php\/wp-json\/wp\/v2\/posts"}],"about":[{"href":"https:\/\/lawandcorp.com\/index.php\/wp-json\/wp\/v2\/types\/post"}],"author":[{"embeddable":true,"href":"https:\/\/lawandcorp.com\/index.php\/wp-json\/wp\/v2\/users\/3"}],"replies":[{"embeddable":true,"href":"https:\/\/lawandcorp.com\/index.php\/wp-json\/wp\/v2\/comments?post=1192"}],"version-history":[{"count":83,"href":"https:\/\/lawandcorp.com\/index.php\/wp-json\/wp\/v2\/posts\/1192\/revisions"}],"predecessor-version":[{"id":1673,"href":"https:\/\/lawandcorp.com\/index.php\/wp-json\/wp\/v2\/posts\/1192\/revisions\/1673"}],"wp:featuredmedia":[{"embeddable":true,"href":"https:\/\/lawandcorp.com\/index.php\/wp-json\/wp\/v2\/media\/1194"}],"wp:attachment":[{"href":"https:\/\/lawandcorp.com\/index.php\/wp-json\/wp\/v2\/media?parent=1192"}],"wp:term":[{"taxonomy":"category","embeddable":true,"href":"https:\/\/lawandcorp.com\/index.php\/wp-json\/wp\/v2\/categories?post=1192"},{"taxonomy":"post_tag","embeddable":true,"href":"https:\/\/lawandcorp.com\/index.php\/wp-json\/wp\/v2\/tags?post=1192"}],"curies":[{"name":"wp","href":"https:\/\/api.w.org\/{rel}","templated":true}]}}