{"id":990,"date":"2022-04-14T01:32:25","date_gmt":"2022-04-14T06:32:25","guid":{"rendered":"https:\/\/lawandcorp.com\/?p=990"},"modified":"2022-08-28T00:59:40","modified_gmt":"2022-08-28T05:59:40","slug":"dias-santos-de-descanso-lo-que-la-ley-federal-del-trabajo-establece","status":"publish","type":"post","link":"https:\/\/lawandcorp.com\/index.php\/2022\/04\/14\/dias-santos-de-descanso-lo-que-la-ley-federal-del-trabajo-establece\/","title":{"rendered":"\u00bfD\u00edas Santos de Descanso? Lo que la Ley Federal del Trabajo Establece:"},"content":{"rendered":"\t\t<div data-elementor-type=\"wp-post\" data-elementor-id=\"990\" class=\"elementor elementor-990\" data-elementor-post-type=\"post\">\n\t\t\t\t\t\t<section class=\"elementor-section elementor-top-section elementor-element elementor-element-0e022bc elementor-section-height-min-height elementor-section-items-top elementor-section-boxed elementor-section-height-default\" data-id=\"0e022bc\" data-element_type=\"section\" data-settings=\"{&quot;background_background&quot;:&quot;classic&quot;}\">\n\t\t\t\t\t\t\t<div class=\"elementor-background-overlay\"><\/div>\n\t\t\t\t\t\t\t<div class=\"elementor-container elementor-column-gap-default\">\n\t\t\t\t\t<div class=\"elementor-column elementor-col-100 elementor-top-column elementor-element elementor-element-b8859f1\" data-id=\"b8859f1\" data-element_type=\"column\">\n\t\t\t<div class=\"elementor-widget-wrap elementor-element-populated\">\n\t\t\t\t\t\t<div class=\"elementor-element elementor-element-fc3c769 elementor-author-box--layout-image-above elementor-author-box--align-center elementor-author-box--link-yes elementor-author-box--avatar-yes elementor-author-box--name-yes elementor-author-box--biography-yes elementor-widget elementor-widget-author-box\" data-id=\"fc3c769\" data-element_type=\"widget\" data-widget_type=\"author-box.default\">\n\t\t\t\t<div class=\"elementor-widget-container\">\n\t\t\t\t\t\t\t<div class=\"elementor-author-box\">\n\t\t\t\t\t\t\t<div  class=\"elementor-author-box__avatar\">\n\t\t\t\t\t<img decoding=\"async\" src=\"https:\/\/secure.gravatar.com\/avatar\/476d876a1456f537b4d424549e4c5c95f213ccedd25e2b92793b2ba17db009d0?s=300&#038;d=mm&#038;r=g\" alt=\"Imagen de DANIEL ALEJANDRO MAGA\u00d1A URBINA\" loading=\"lazy\">\n\t\t\t\t<\/div>\n\t\t\t\n\t\t\t<div class=\"elementor-author-box__text\">\n\t\t\t\t\t\t\t\t\t<div >\n\t\t\t\t\t\t<h5 class=\"elementor-author-box__name\">\n\t\t\t\t\t\t\tDANIEL ALEJANDRO MAGA\u00d1A URBINA\t\t\t\t\t\t<\/h5>\n\t\t\t\t\t<\/div>\n\t\t\t\t\n\t\t\t\t\t\t\t\t\t<div class=\"elementor-author-box__bio\">\n\t\t\t\t\t\tDoctor en Proyectos, Maestro en Fiscal, Licenciado en Derecho y Licenciado en Contadur\u00eda. Litigante y Catedr\u00e1tico a nivel Bachillerato, Licenciatura y Posgrado.\r\nMorelia, Michoac\u00e1n, M\u00e9xico.\t\t\t\t\t<\/div>\n\t\t\t\t\n\t\t\t\t\t\t\t\t\t<a class=\"elementor-author-box__button elementor-button elementor-size-xs\" href=\"https:\/\/lawandcorp.com\/index.php\/author\/dmagana\/\">\n\t\t\t\t\t\tAll Posts\t\t\t\t\t<\/a>\n\t\t\t\t\t\t\t<\/div>\n\t\t<\/div>\n\t\t\t\t\t\t<\/div>\n\t\t\t\t<\/div>\n\t\t\t\t<div class=\"elementor-element elementor-element-799e187 elementor-widget elementor-widget-text-editor\" data-id=\"799e187\" data-element_type=\"widget\" data-widget_type=\"text-editor.default\">\n\t\t\t\t<div class=\"elementor-widget-container\">\n\t\t\t\t\t\t\t\t\t<p>Llega la Primavera, y con ello las pr\u00f3ximas vacaciones que servir\u00e1n para descansar, para viajar, para realizar actividades l\u00fadicas, y en general, para reponer un poco de las fuerzas que se emplearon durante la primera cuarta parte del a\u00f1o. Sin embargo, no todos los planes aplican igual para todos, pues cuando uno se encuentra laborando, ya dependiendo de su actividad o de su empleador, se tendr\u00e1n d\u00edas de descanso o no durante el periodo de Semana Santa.<\/p><p>Durante esta semana, circularon bastantes memes relacionados con este tema de los d\u00edas de descanso, de tal forma que en uno de ellos, el jefe ped\u00eda a los empleados rezar el Credo a fin de otorgarles sus merecidas vacaciones (Parecer\u00e1 broma, pero los hay).<\/p><p>Sabemos de antemano, que el humor de los mexicanos es muy picante, pues hasta de la muerte se hacen chistes (y hasta celebramos el D\u00eda de Muertos), pero es una realidad que la situaci\u00f3n econ\u00f3mica actual que se gener\u00f3 despu\u00e9s de haber sobrevivido a una pandemia, a un colapso de miles de negocios y al quebranto de los sue\u00f1os emprendedores que muchos ten\u00edan, ha dejado estragos, y no solamente en los bolsillos de las personas, sino en la salud y en lo emocional.<\/p><p>En fin, lo que tiene qu\u00e9 razonar el empleador en estos d\u00edas y poner en una balanza son tres cosas que se tiene que preguntar:<\/p><p>1.- \u00bfRealiza una actividad indispensable que no se pueda detener por lo menos dos d\u00edas?<\/p><p>2.- \u00bfRealmente generar\u00e1 un ingreso significativo el trabajar durante los D\u00edas Santos?<\/p><p>3.- \u00bfDisminuir\u00e1n los niveles de felicidad de su trabajador si labora en estos D\u00edas Santos?<\/p><p>Empero, en un plano de objetividad, tenemos que dependiendo del tipo de empresa que se trate, se aplicar\u00e1 una medida concreta para cada caso, pues es claro que tambi\u00e9n existen empresas que no se pueden detener, ya que en esos d\u00edas es cuando m\u00e1s ingresos perciben, o realizan labores que si se detienen, la decisi\u00f3n de suspender puede repercutir de forma casi irreversible en el negocio en marcha.<\/p><p>Por lo pronto, de acuerdo con el\u00a0 art\u00edculo 74 de la Ley Federal del Trabajo, se establece lo siguiente:<\/p><p><em>\u00abArt\u00edculo 74. Son d\u00edas de descanso obligatorio:<\/em><br \/><em>I. El 1o. de enero;<\/em><br \/><em>II. El primer lunes de febrero en conmemoraci\u00f3n del 5 de febrero;<\/em><br \/><em>III. El tercer lunes de marzo en conmemoraci\u00f3n del 21 de marzo;<\/em><br \/><em>IV. El 1o. de mayo;<\/em><br \/><em>V. El 16 de septiembre;<\/em><br \/><em>VI. El tercer lunes de noviembre en conmemoraci\u00f3n del 20 de noviembre;<\/em><br \/><em>VII. El 1o. de diciembre de cada seis a\u00f1os, cuando corresponda a la transmisi\u00f3n del Poder Ejecutivo <\/em><br \/><em>Federal;<\/em><br \/><em>VIII. El 25 de diciembre, y<\/em><br \/><em>IX. El que determinen las leyes federales y locales electorales, en el caso de elecciones ordinarias, <\/em><br \/><em>para efectuar la jornada electoral.\u00bb<\/em><\/p><p><span style=\"text-decoration: underline;\"><strong>Conclusi\u00f3n: los D\u00edas Santos no son de descanso obligatorio, pero si las condiciones en tu trabajo lo permiten, puede que se te otorguen.<\/strong><\/span><\/p><p>QUE TENGAS UN EXCELENTE D\u00cdA.<\/p><p>TE VEO DESPU\u00c9S. HASTA LUEGO \ud83d\ude09<\/p>\t\t\t\t\t\t\t\t<\/div>\n\t\t\t\t<\/div>\n\t\t\t\t<div class=\"elementor-element elementor-element-47aced8 e-tabs-view-vertical elementor-layout-end elementor-widget elementor-widget-video-playlist\" data-id=\"47aced8\" data-element_type=\"widget\" data-settings=\"{&quot;playlist_title&quot;:&quot;VIDEO RELACIONADO&quot;,&quot;tabs&quot;:[{&quot;youtube_url&quot;:&quot;https:\\\/\\\/www.youtube.com\\\/watch?v=qsCjUR1Qrp0&amp;t=19s&quot;,&quot;vimeo_url&quot;:null,&quot;title&quot;:&quot;LAW &amp; CORP CLIP 1 - TIPS PARA ANTES DE EMPRENDER&quot;,&quot;duration&quot;:&quot;4:45&quot;,&quot;thumbnail&quot;:{&quot;url&quot;:&quot;http:\\\/\\\/img.youtube.com\\\/vi\\\/qsCjUR1Qrp0\\\/maxresdefault.jpg&quot;,&quot;id&quot;:&quot;&quot;,&quot;size&quot;:&quot;&quot;},&quot;_id&quot;:&quot;28a993b&quot;,&quot;type&quot;:&quot;youtube&quot;,&quot;is_external_url&quot;:null,&quot;hosted_url&quot;:null,&quot;external_url&quot;:null,&quot;section_html_tag&quot;:null,&quot;video_html_tag&quot;:&quot;h4&quot;,&quot;inner_tab_is_content_visible&quot;:&quot;&quot;,&quot;inner_tab_content_1&quot;:null,&quot;inner_tab_content_2&quot;:null}],&quot;inner_tab_title_1&quot;:&quot;Pesta\\u00f1a 1&quot;,&quot;inner_tab_title_2&quot;:&quot;Pesta\\u00f1a 2&quot;}\" data-widget_type=\"video-playlist.default\">\n\t\t\t\t<div class=\"elementor-widget-container\">\n\t\t\t\t\t\n\t\t<div class=\"e-tabs\">\n\t\t\t<div class=\"e-tabs-main-area\">\n\t\t\t\t<div class=\"e-tabs-wrapper\">\n\t\t\t\t\t<div class=\"e-tabs-header\">\n\t\t\t\t\t\t<h2 class=\"e-tabs-title\">VIDEO RELACIONADO<\/h2>\n\t\t\t\t\t\t<div class=\"e-tabs-header-right-side\">\n\t\t\t\t\t\t\t\t\t\t\t\t\t\t\t<span class=\"e-tabs-videos-count\">1 V\u00eddeos<\/span>\n\t\t\t\t\t\t\t\t\t\t\t\t\t\t<i aria-hidden=\"true\" class=\"e-tabs-toggle-videos-display-button rotate-down eicon-caret-down\"><\/i>\t\t\t\t\t\t<\/div>\n\t\t\t\t\t<\/div>\n\t\t\t\t\t<div class=\"e-tabs-items-wrapper\">\n\t\t\t\t\t\t<div class=\"e-tabs-items\" role=\"tablist\">\n\t\t\t\t\t\t\t\t\t\t\t\t\t\t\t\t\t\t\t\t\t\t\t\t<div id=\"e-tab-title-7511\" class=\"e-tab-title e-tab-desktop-title\" aria-selected=\"true\" data-tab=\"1\" role=\"tab\" tabindex=\"0\" aria-controls=\"e-tab-content-7511\">\n\t\t\t\t\t\t\t\t\t\t\t\t\t\t\t\t\t\t\t\t\t<div class=\"e-tab-thumbnail\">\n\t\t\t\t\t\t\t\t\t\t\t\t\t\t\t\t\t\t\t\t\t\t\t\t\t<img decoding=\"async\" src=\"https:\/\/i0.wp.com\/img.youtube.com\/vi\/qsCjUR1Qrp0\/maxresdefault.jpg\" alt=\"LAW &amp; CORP CLIP 1 - TIPS PARA ANTES DE EMPRENDER\" loading=\"lazy\" data-recalc-dims=\"1\" \/>\n\t\t\t\t\t\t\t\t\t\t\t\t\t\t\t\t\t\t\t\t\t\t\t\t<span class=\"icon-play\"><i aria-hidden=\"true\" class=\"fas fa-play-circle\"><\/i><\/span>\n\t\t\t\t\t\t\t\t\t\t\t\t<span class=\"icon-watched\"><i aria-hidden=\"true\" class=\"fas fa-check-circle\"><\/i><\/span>\n\t\t\t\t\t\t\t\t\t\t\t<\/div>\n\t\t\t\t\t\t\t\t\t\t\t\t\t\t\t\t\t\t\t\t<h4 class=\"e-tab-title-text\">\n\t\t\t\t\t\t\t\t\t\t\t<a tabindex=\"0\">LAW & CORP CLIP 1 - TIPS PARA ANTES DE EMPRENDER<\/a>\n\t\t\t\t\t\t\t\t\t\t<\/h4>\n\t\t\t\t\t\t\t\t\t\t\t\t\t\t\t\t\t\t\t\t\t<span class=\"e-tab-duration\">4:45<\/span>\n\t\t\t\t\t\t\t\t\t\t\t\t\t\t\t\t\t\t\t<\/div>\n\t\t\t\t\t\t\t\t\t\t\t\t\t\t\t\t\t\t\t\t\t<\/div>\n\t\t\t\t\t\t<div class=\"shadow shadow-top\" aria-hidden=\"true\"><\/div>\n\t\t\t\t\t\t<div class=\"shadow shadow-bottom\" aria-hidden=\"true\"><\/div>\n\t\t\t\t\t<\/div>\n\t\t\t\t<\/div>\n\n\t\t\t\t<div class=\"e-tabs-content-wrapper\" role=\"tablist\" aria-orientation=\"vertical\">\n\t\t\t\t\t\t\t\t\t\t\t<div id=\"e-tab-content-7511\" class=\"e-tab-content elementor-clearfix\" data-tab=\"1\" role=\"tabpanel\" aria-labelledby=\"e-tab-title-7511\" tabindex=\"0\" data-video-url=\"https:\/\/www.youtube.com\/watch?v=qsCjUR1Qrp0&amp;t=19s\" data-video-type=\"youtube\" data-video-title=\"LAW &amp; CORP CLIP 1 - TIPS PARA ANTES DE EMPRENDER\" data-video-duration=\"4:45\">\n\t\t\t\t\t\t\t<div><\/div>\n\t\t\t\t\t\t\t\t\t\t\t\t\t<\/div>\n\t\t\t\t\t\t\t\t\t<\/div>\n\t\t\t<\/div>\n\n\t\t\t<div class=\"e-tabs-inner-tabs\" >\n\t\t\t\t\t\t\t\t\t\t\t\t\t\t\t\t<\/div>\n\t\t<\/div>\n\t\t\t\t\t\t<\/div>\n\t\t\t\t<\/div>\n\t\t\t\t\t<\/div>\n\t\t<\/div>\n\t\t\t\t\t<\/div>\n\t\t<\/section>\n\t\t\t\t<section class=\"elementor-section elementor-top-section elementor-element elementor-element-040da42 elementor-section-boxed elementor-section-height-default elementor-section-height-default\" data-id=\"040da42\" data-element_type=\"section\">\n\t\t\t\t\t\t<div class=\"elementor-container elementor-column-gap-default\">\n\t\t\t\t\t<div class=\"elementor-column elementor-col-50 elementor-top-column elementor-element elementor-element-b60b57c\" data-id=\"b60b57c\" data-element_type=\"column\">\n\t\t\t<div class=\"elementor-widget-wrap elementor-element-populated\">\n\t\t\t\t\t\t<div class=\"elementor-element elementor-element-a6c7122 elementor-widget elementor-widget-heading\" data-id=\"a6c7122\" data-element_type=\"widget\" data-widget_type=\"heading.default\">\n\t\t\t\t<div class=\"elementor-widget-container\">\n\t\t\t\t\t<h6 class=\"elementor-heading-title elementor-size-default\">NO OLVIDES AGREGARTE A TODAS NUESTRAS REDES SOCIALES<\/h6>\t\t\t\t<\/div>\n\t\t\t\t<\/div>\n\t\t\t\t<div class=\"elementor-element elementor-element-22a9aed elementor-shape-rounded elementor-grid-0 e-grid-align-center elementor-widget elementor-widget-social-icons\" data-id=\"22a9aed\" data-element_type=\"widget\" data-widget_type=\"social-icons.default\">\n\t\t\t\t<div class=\"elementor-widget-container\">\n\t\t\t\t\t\t\t<div class=\"elementor-social-icons-wrapper elementor-grid\" role=\"list\">\n\t\t\t\t\t\t\t<span class=\"elementor-grid-item\" role=\"listitem\">\n\t\t\t\t\t<a class=\"elementor-icon elementor-social-icon elementor-social-icon-facebook elementor-repeater-item-41a14f0\" href=\"https:\/\/www.facebook.com\/LawAndCorp\/\" target=\"_blank\">\n\t\t\t\t\t\t<span class=\"elementor-screen-only\">Facebook<\/span>\n\t\t\t\t\t\t<i aria-hidden=\"true\" class=\"fab fa-facebook\"><\/i>\t\t\t\t\t<\/a>\n\t\t\t\t<\/span>\n\t\t\t\t\t\t\t<span class=\"elementor-grid-item\" role=\"listitem\">\n\t\t\t\t\t<a class=\"elementor-icon elementor-social-icon elementor-social-icon-instagram elementor-repeater-item-5b297ff\" href=\"https:\/\/www.instagram.com\/lawandcorp\/\" target=\"_blank\">\n\t\t\t\t\t\t<span class=\"elementor-screen-only\">Instagram<\/span>\n\t\t\t\t\t\t<i aria-hidden=\"true\" class=\"fab fa-instagram\"><\/i>\t\t\t\t\t<\/a>\n\t\t\t\t<\/span>\n\t\t\t\t\t\t\t<span class=\"elementor-grid-item\" role=\"listitem\">\n\t\t\t\t\t<a class=\"elementor-icon elementor-social-icon elementor-social-icon-youtube elementor-repeater-item-f524173\" href=\"https:\/\/www.youtube.com\/channel\/UCUjlVkcLz-GPYKAq2tH5Mcg\" target=\"_blank\">\n\t\t\t\t\t\t<span class=\"elementor-screen-only\">Youtube<\/span>\n\t\t\t\t\t\t<i aria-hidden=\"true\" class=\"fab fa-youtube\"><\/i>\t\t\t\t\t<\/a>\n\t\t\t\t<\/span>\n\t\t\t\t\t\t\t<span class=\"elementor-grid-item\" role=\"listitem\">\n\t\t\t\t\t<a class=\"elementor-icon elementor-social-icon elementor-social-icon-twitter elementor-repeater-item-2f30507\" href=\"https:\/\/twitter.com\/LawAndCorp\" target=\"_blank\">\n\t\t\t\t\t\t<span class=\"elementor-screen-only\">Twitter<\/span>\n\t\t\t\t\t\t<i aria-hidden=\"true\" class=\"fab fa-twitter\"><\/i>\t\t\t\t\t<\/a>\n\t\t\t\t<\/span>\n\t\t\t\t\t<\/div>\n\t\t\t\t\t\t<\/div>\n\t\t\t\t<\/div>\n\t\t\t\t<div class=\"elementor-element elementor-element-a5f8aa2 elementor-shape-rounded elementor-grid-0 e-grid-align-center elementor-widget elementor-widget-social-icons\" data-id=\"a5f8aa2\" data-element_type=\"widget\" data-widget_type=\"social-icons.default\">\n\t\t\t\t<div class=\"elementor-widget-container\">\n\t\t\t\t\t\t\t<div class=\"elementor-social-icons-wrapper elementor-grid\" role=\"list\">\n\t\t\t\t\t\t\t<span class=\"elementor-grid-item\" role=\"listitem\">\n\t\t\t\t\t<a class=\"elementor-icon elementor-social-icon elementor-social-icon-telegram elementor-repeater-item-cef34b0\" href=\"https:\/\/t.me\/+G4uM1YdO0LphNTUx\" target=\"_blank\">\n\t\t\t\t\t\t<span class=\"elementor-screen-only\">Telegram<\/span>\n\t\t\t\t\t\t<i aria-hidden=\"true\" class=\"fab fa-telegram\"><\/i>\t\t\t\t\t<\/a>\n\t\t\t\t<\/span>\n\t\t\t\t\t\t\t<span class=\"elementor-grid-item\" role=\"listitem\">\n\t\t\t\t\t<a class=\"elementor-icon elementor-social-icon elementor-social-icon-spotify elementor-repeater-item-4ba4966\" href=\"https:\/\/open.spotify.com\/show\/1fayfnsUCpQeX8lm9lUjfS\" target=\"_blank\">\n\t\t\t\t\t\t<span class=\"elementor-screen-only\">Spotify<\/span>\n\t\t\t\t\t\t<i aria-hidden=\"true\" class=\"fab fa-spotify\"><\/i>\t\t\t\t\t<\/a>\n\t\t\t\t<\/span>\n\t\t\t\t\t\t\t<span class=\"elementor-grid-item\" role=\"listitem\">\n\t\t\t\t\t<a class=\"elementor-icon elementor-social-icon elementor-social-icon-tiktok elementor-repeater-item-0103ff6\" href=\"https:\/\/www.tiktok.com\/@lawandcorp\" target=\"_blank\">\n\t\t\t\t\t\t<span class=\"elementor-screen-only\">Tiktok<\/span>\n\t\t\t\t\t\t<i aria-hidden=\"true\" class=\"fab fa-tiktok\"><\/i>\t\t\t\t\t<\/a>\n\t\t\t\t<\/span>\n\t\t\t\t\t<\/div>\n\t\t\t\t\t\t<\/div>\n\t\t\t\t<\/div>\n\t\t\t\t\t<\/div>\n\t\t<\/div>\n\t\t\t\t<div class=\"elementor-column elementor-col-50 elementor-top-column elementor-element elementor-element-f6884af\" data-id=\"f6884af\" data-element_type=\"column\">\n\t\t\t<div class=\"elementor-widget-wrap elementor-element-populated\">\n\t\t\t\t\t\t<div class=\"elementor-element elementor-element-b10691f elementor-widget elementor-widget-heading\" data-id=\"b10691f\" data-element_type=\"widget\" data-widget_type=\"heading.default\">\n\t\t\t\t<div class=\"elementor-widget-container\">\n\t\t\t\t\t<h2 class=\"elementor-heading-title elementor-size-default\">\u00daLTIMOS ART\u00cdCULOS\/NOTICIAS<\/h2>\t\t\t\t<\/div>\n\t\t\t\t<\/div>\n\t\t\t\t<div class=\"elementor-element elementor-element-7ddd0c7 elementor-posts--align-center elementor-grid-3 elementor-grid-tablet-2 elementor-grid-mobile-1 elementor-posts--thumbnail-top load-more-align-center elementor-widget elementor-widget-posts\" data-id=\"7ddd0c7\" data-element_type=\"widget\" data-settings=\"{&quot;pagination_type&quot;:&quot;load_more_on_click&quot;,&quot;classic_columns&quot;:&quot;3&quot;,&quot;classic_columns_tablet&quot;:&quot;2&quot;,&quot;classic_columns_mobile&quot;:&quot;1&quot;,&quot;classic_row_gap&quot;:{&quot;unit&quot;:&quot;px&quot;,&quot;size&quot;:35,&quot;sizes&quot;:[]},&quot;classic_row_gap_tablet&quot;:{&quot;unit&quot;:&quot;px&quot;,&quot;size&quot;:&quot;&quot;,&quot;sizes&quot;:[]},&quot;classic_row_gap_mobile&quot;:{&quot;unit&quot;:&quot;px&quot;,&quot;size&quot;:&quot;&quot;,&quot;sizes&quot;:[]},&quot;load_more_spinner&quot;:{&quot;value&quot;:&quot;fas fa-spinner&quot;,&quot;library&quot;:&quot;fa-solid&quot;}}\" data-widget_type=\"posts.classic\">\n\t\t\t\t<div class=\"elementor-widget-container\">\n\t\t\t\t\t\t\t<div class=\"elementor-posts-container elementor-posts elementor-posts--skin-classic elementor-grid\">\n\t\t\t\t<article class=\"elementor-post elementor-grid-item post-3139 post type-post status-publish format-standard has-post-thumbnail hentry category-todos-los-articulos category-derecho category-psicologia tag-abogado tag-abogados tag-derecho tag-derecho-civil tag-derecho-de-familia tag-derecho-familiar tag-law-corp tag-law-and-corp tag-mexico tag-michoacan tag-morelia tag-trending\">\n\t\t\t\t<a class=\"elementor-post__thumbnail__link\" href=\"https:\/\/lawandcorp.com\/index.php\/2025\/08\/05\/me-divorcio-o-sigo-una-metafora-para-cambiar-tu-vision\/\" tabindex=\"-1\" >\n\t\t\t<div class=\"elementor-post__thumbnail\"><img fetchpriority=\"high\" decoding=\"async\" width=\"300\" height=\"200\" src=\"https:\/\/i0.wp.com\/lawandcorp.com\/wp-content\/uploads\/2025\/05\/PARA-ARTICULO-DE-LAW-CORP-scaled.jpg?fit=300%2C200&amp;ssl=1\" class=\"attachment-medium size-medium wp-image-3061\" alt=\"\" srcset=\"https:\/\/i0.wp.com\/lawandcorp.com\/wp-content\/uploads\/2025\/05\/PARA-ARTICULO-DE-LAW-CORP-scaled.jpg?w=2560&amp;ssl=1 2560w, https:\/\/i0.wp.com\/lawandcorp.com\/wp-content\/uploads\/2025\/05\/PARA-ARTICULO-DE-LAW-CORP-scaled.jpg?resize=300%2C200&amp;ssl=1 300w, https:\/\/i0.wp.com\/lawandcorp.com\/wp-content\/uploads\/2025\/05\/PARA-ARTICULO-DE-LAW-CORP-scaled.jpg?resize=1024%2C683&amp;ssl=1 1024w, https:\/\/i0.wp.com\/lawandcorp.com\/wp-content\/uploads\/2025\/05\/PARA-ARTICULO-DE-LAW-CORP-scaled.jpg?resize=768%2C512&amp;ssl=1 768w, https:\/\/i0.wp.com\/lawandcorp.com\/wp-content\/uploads\/2025\/05\/PARA-ARTICULO-DE-LAW-CORP-scaled.jpg?resize=1536%2C1025&amp;ssl=1 1536w, https:\/\/i0.wp.com\/lawandcorp.com\/wp-content\/uploads\/2025\/05\/PARA-ARTICULO-DE-LAW-CORP-scaled.jpg?resize=2048%2C1367&amp;ssl=1 2048w\" sizes=\"(max-width: 300px) 100vw, 300px\" \/><\/div>\n\t\t<\/a>\n\t\t\t\t<div class=\"elementor-post__text\">\n\t\t\t\t<h5 class=\"elementor-post__title\">\n\t\t\t<a href=\"https:\/\/lawandcorp.com\/index.php\/2025\/08\/05\/me-divorcio-o-sigo-una-metafora-para-cambiar-tu-vision\/\" >\n\t\t\t\t\u00bfME DIVORCIO O SIGO? UNA MET\u00c1FORA PARA CAMBIAR TU VISI\u00d3N.\t\t\t<\/a>\n\t\t<\/h5>\n\t\t\t\t<div class=\"elementor-post__meta-data\">\n\t\t\t\t\t<span class=\"elementor-post-author\">\n\t\t\tDANIEL ALEJANDRO MAGA\u00d1A URBINA\t\t<\/span>\n\t\t\t\t<span class=\"elementor-post-date\">\n\t\t\t5 de agosto de 2025\t\t<\/span>\n\t\t\t\t<\/div>\n\t\t\t\t<div class=\"elementor-post__excerpt\">\n\t\t\t<p>El matrimonio es una instituci\u00f3n muy importante que se debe de cuidar con el apoyo mutuo de la pareja, por lo cual, te comparto unas<\/p>\n\t\t<\/div>\n\t\t\n\t\t<a class=\"elementor-post__read-more\" href=\"https:\/\/lawandcorp.com\/index.php\/2025\/08\/05\/me-divorcio-o-sigo-una-metafora-para-cambiar-tu-vision\/\" aria-label=\"M\u00e1s informaci\u00f3n sobre \u00bfME DIVORCIO O SIGO? UNA MET\u00c1FORA PARA CAMBIAR TU VISI\u00d3N.\" tabindex=\"-1\" >\n\t\t\t\u00a1LEER ART\u00cdCULO!\t\t<\/a>\n\n\t\t\t\t<\/div>\n\t\t\t\t<\/article>\n\t\t\t\t<article class=\"elementor-post elementor-grid-item post-3110 post type-post status-publish format-standard has-post-thumbnail hentry category-todos-los-articulos category-derecho tag-derecho tag-eleccion-judicial tag-elecciones tag-ine tag-law-corp tag-law-and-corp tag-mexico tag-poder-judicial tag-poder-judicial-de-la-federacion tag-trending tag-trending-topic\">\n\t\t\t\t<a class=\"elementor-post__thumbnail__link\" href=\"https:\/\/lawandcorp.com\/index.php\/2025\/05\/31\/patron-o-jefe-que-da-acordeon-debe-de-ir-a-prision\/\" tabindex=\"-1\" >\n\t\t\t<div class=\"elementor-post__thumbnail\"><img decoding=\"async\" width=\"300\" height=\"169\" src=\"https:\/\/i0.wp.com\/lawandcorp.com\/wp-content\/uploads\/2025\/05\/IMAGEN-PARA-ARTICULO-100.jpg?fit=300%2C169&amp;ssl=1\" class=\"attachment-medium size-medium wp-image-3097\" alt=\"\" srcset=\"https:\/\/i0.wp.com\/lawandcorp.com\/wp-content\/uploads\/2025\/05\/IMAGEN-PARA-ARTICULO-100.jpg?w=1281&amp;ssl=1 1281w, https:\/\/i0.wp.com\/lawandcorp.com\/wp-content\/uploads\/2025\/05\/IMAGEN-PARA-ARTICULO-100.jpg?resize=300%2C169&amp;ssl=1 300w, https:\/\/i0.wp.com\/lawandcorp.com\/wp-content\/uploads\/2025\/05\/IMAGEN-PARA-ARTICULO-100.jpg?resize=1024%2C576&amp;ssl=1 1024w, https:\/\/i0.wp.com\/lawandcorp.com\/wp-content\/uploads\/2025\/05\/IMAGEN-PARA-ARTICULO-100.jpg?resize=768%2C432&amp;ssl=1 768w\" sizes=\"(max-width: 300px) 100vw, 300px\" \/><\/div>\n\t\t<\/a>\n\t\t\t\t<div class=\"elementor-post__text\">\n\t\t\t\t<h5 class=\"elementor-post__title\">\n\t\t\t<a href=\"https:\/\/lawandcorp.com\/index.php\/2025\/05\/31\/patron-o-jefe-que-da-acordeon-debe-de-ir-a-prision\/\" >\n\t\t\t\tPATR\u00d3N O JEFE QUE DA ACORDE\u00d3N DEBE DE IR A PRISI\u00d3N\t\t\t<\/a>\n\t\t<\/h5>\n\t\t\t\t<div class=\"elementor-post__meta-data\">\n\t\t\t\t\t<span class=\"elementor-post-author\">\n\t\t\tLAW &#38; CORP\t\t<\/span>\n\t\t\t\t<span class=\"elementor-post-date\">\n\t\t\t31 de mayo de 2025\t\t<\/span>\n\t\t\t\t<\/div>\n\t\t\t\t<div class=\"elementor-post__excerpt\">\n\t\t\t<p>Por: LAW &amp; CORP En estas elecciones, lo que deber\u00eda ser un ejercicio libre y consciente se est\u00e1 viendo ensuciado por pr\u00e1cticas ilegales, inmorales y<\/p>\n\t\t<\/div>\n\t\t\n\t\t<a class=\"elementor-post__read-more\" href=\"https:\/\/lawandcorp.com\/index.php\/2025\/05\/31\/patron-o-jefe-que-da-acordeon-debe-de-ir-a-prision\/\" aria-label=\"M\u00e1s informaci\u00f3n sobre PATR\u00d3N O JEFE QUE DA ACORDE\u00d3N DEBE DE IR A PRISI\u00d3N\" tabindex=\"-1\" >\n\t\t\t\u00a1LEER ART\u00cdCULO!\t\t<\/a>\n\n\t\t\t\t<\/div>\n\t\t\t\t<\/article>\n\t\t\t\t<article class=\"elementor-post elementor-grid-item post-3096 post type-post status-publish format-standard has-post-thumbnail hentry category-todos-los-articulos category-derecho tag-derecho tag-eleccion-judicial tag-law-corp tag-law-and-corp tag-mexico tag-poder-judicial tag-poder-judicial-de-la-federacion tag-trending tag-trending-topic\">\n\t\t\t\t<a class=\"elementor-post__thumbnail__link\" href=\"https:\/\/lawandcorp.com\/index.php\/2025\/05\/31\/acordeones-en-la-eleccion-pjf-el-camino-hacia-el-terror\/\" tabindex=\"-1\" >\n\t\t\t<div class=\"elementor-post__thumbnail\"><img decoding=\"async\" width=\"300\" height=\"169\" src=\"https:\/\/i0.wp.com\/lawandcorp.com\/wp-content\/uploads\/2025\/05\/IMAGEN-PARA-ARTICULO-100.jpg?fit=300%2C169&amp;ssl=1\" class=\"attachment-medium size-medium wp-image-3097\" alt=\"\" srcset=\"https:\/\/i0.wp.com\/lawandcorp.com\/wp-content\/uploads\/2025\/05\/IMAGEN-PARA-ARTICULO-100.jpg?w=1281&amp;ssl=1 1281w, https:\/\/i0.wp.com\/lawandcorp.com\/wp-content\/uploads\/2025\/05\/IMAGEN-PARA-ARTICULO-100.jpg?resize=300%2C169&amp;ssl=1 300w, https:\/\/i0.wp.com\/lawandcorp.com\/wp-content\/uploads\/2025\/05\/IMAGEN-PARA-ARTICULO-100.jpg?resize=1024%2C576&amp;ssl=1 1024w, https:\/\/i0.wp.com\/lawandcorp.com\/wp-content\/uploads\/2025\/05\/IMAGEN-PARA-ARTICULO-100.jpg?resize=768%2C432&amp;ssl=1 768w\" sizes=\"(max-width: 300px) 100vw, 300px\" \/><\/div>\n\t\t<\/a>\n\t\t\t\t<div class=\"elementor-post__text\">\n\t\t\t\t<h5 class=\"elementor-post__title\">\n\t\t\t<a href=\"https:\/\/lawandcorp.com\/index.php\/2025\/05\/31\/acordeones-en-la-eleccion-pjf-el-camino-hacia-el-terror\/\" >\n\t\t\t\tACORDEONES EN LA ELECCI\u00d3N (PJF): EL CAMINO HACIA EL TERROR\t\t\t<\/a>\n\t\t<\/h5>\n\t\t\t\t<div class=\"elementor-post__meta-data\">\n\t\t\t\t\t<span class=\"elementor-post-author\">\n\t\t\tLAW &#38; CORP\t\t<\/span>\n\t\t\t\t<span class=\"elementor-post-date\">\n\t\t\t31 de mayo de 2025\t\t<\/span>\n\t\t\t\t<\/div>\n\t\t\t\t<div class=\"elementor-post__excerpt\">\n\t\t\t<p>Por: LAW &amp; CORP En esta in\u00e9dita elecci\u00f3n de jueces y magistrados, la ciudadan\u00eda tiene un papel hist\u00f3rico: elegir a quienes impartir\u00e1n justicia. Pero la<\/p>\n\t\t<\/div>\n\t\t\n\t\t<a class=\"elementor-post__read-more\" href=\"https:\/\/lawandcorp.com\/index.php\/2025\/05\/31\/acordeones-en-la-eleccion-pjf-el-camino-hacia-el-terror\/\" aria-label=\"M\u00e1s informaci\u00f3n sobre ACORDEONES EN LA ELECCI\u00d3N (PJF): EL CAMINO HACIA EL TERROR\" tabindex=\"-1\" >\n\t\t\t\u00a1LEER ART\u00cdCULO!\t\t<\/a>\n\n\t\t\t\t<\/div>\n\t\t\t\t<\/article>\n\t\t\t\t<article class=\"elementor-post elementor-grid-item post-3014 post type-post status-publish format-standard has-post-thumbnail hentry category-todos-los-articulos category-corporacion category-psicologia tag-corporacion tag-derecho-laboral tag-justicia-laboral tag-law-corp tag-law-and-corp tag-mexico tag-nuevo-sistema-de-justicia-laboral tag-psicologia tag-psicologo tag-psicologos tag-psicoterapia tag-reforma-laboral tag-relacion-laboral tag-relaciones-laborales tag-salud tag-salud-mental tag-sistema-de-justicia-laboral tag-trending tag-trending-topic\">\n\t\t\t\t<a class=\"elementor-post__thumbnail__link\" href=\"https:\/\/lawandcorp.com\/index.php\/2024\/12\/14\/estres-laboral\/\" tabindex=\"-1\" >\n\t\t\t<div class=\"elementor-post__thumbnail\"><img decoding=\"async\" width=\"300\" height=\"202\" src=\"https:\/\/i0.wp.com\/lawandcorp.com\/wp-content\/uploads\/2024\/12\/shot-of-a-young-businessman-feeling-stressed-out-i-2023-11-27-05-10-14-utc-min-scaled.jpg?fit=300%2C202&amp;ssl=1\" class=\"attachment-medium size-medium wp-image-3016\" alt=\"\" srcset=\"https:\/\/i0.wp.com\/lawandcorp.com\/wp-content\/uploads\/2024\/12\/shot-of-a-young-businessman-feeling-stressed-out-i-2023-11-27-05-10-14-utc-min-scaled.jpg?w=2560&amp;ssl=1 2560w, https:\/\/i0.wp.com\/lawandcorp.com\/wp-content\/uploads\/2024\/12\/shot-of-a-young-businessman-feeling-stressed-out-i-2023-11-27-05-10-14-utc-min-scaled.jpg?resize=300%2C202&amp;ssl=1 300w, https:\/\/i0.wp.com\/lawandcorp.com\/wp-content\/uploads\/2024\/12\/shot-of-a-young-businessman-feeling-stressed-out-i-2023-11-27-05-10-14-utc-min-scaled.jpg?resize=1024%2C690&amp;ssl=1 1024w, https:\/\/i0.wp.com\/lawandcorp.com\/wp-content\/uploads\/2024\/12\/shot-of-a-young-businessman-feeling-stressed-out-i-2023-11-27-05-10-14-utc-min-scaled.jpg?resize=768%2C517&amp;ssl=1 768w, https:\/\/i0.wp.com\/lawandcorp.com\/wp-content\/uploads\/2024\/12\/shot-of-a-young-businessman-feeling-stressed-out-i-2023-11-27-05-10-14-utc-min-scaled.jpg?resize=1536%2C1035&amp;ssl=1 1536w, https:\/\/i0.wp.com\/lawandcorp.com\/wp-content\/uploads\/2024\/12\/shot-of-a-young-businessman-feeling-stressed-out-i-2023-11-27-05-10-14-utc-min-scaled.jpg?resize=2048%2C1380&amp;ssl=1 2048w\" sizes=\"(max-width: 300px) 100vw, 300px\" \/><\/div>\n\t\t<\/a>\n\t\t\t\t<div class=\"elementor-post__text\">\n\t\t\t\t<h5 class=\"elementor-post__title\">\n\t\t\t<a href=\"https:\/\/lawandcorp.com\/index.php\/2024\/12\/14\/estres-laboral\/\" >\n\t\t\t\tESTR\u00c9S LABORAL\t\t\t<\/a>\n\t\t<\/h5>\n\t\t\t\t<div class=\"elementor-post__meta-data\">\n\t\t\t\t\t<span class=\"elementor-post-author\">\n\t\t\tCLAUDIA GONZ\u00c1LEZ RODR\u00cdGUEZ\t\t<\/span>\n\t\t\t\t<span class=\"elementor-post-date\">\n\t\t\t14 de diciembre de 2024\t\t<\/span>\n\t\t\t\t<\/div>\n\t\t\t\t<div class=\"elementor-post__excerpt\">\n\t\t\t<p>Hoy en d\u00eda, es com\u00fan utilizar el t\u00e9rmino \u00abestr\u00e9s\u00bb con frecuencia, asoci\u00e1ndolo a estados de \u00e1nimo, situaciones econ\u00f3micas, exigencias laborales, noticias, problemas medioambientales, violencia, inseguridad,<\/p>\n\t\t<\/div>\n\t\t\n\t\t<a class=\"elementor-post__read-more\" href=\"https:\/\/lawandcorp.com\/index.php\/2024\/12\/14\/estres-laboral\/\" aria-label=\"M\u00e1s informaci\u00f3n sobre ESTR\u00c9S LABORAL\" tabindex=\"-1\" >\n\t\t\t\u00a1LEER ART\u00cdCULO!\t\t<\/a>\n\n\t\t\t\t<\/div>\n\t\t\t\t<\/article>\n\t\t\t\t<article class=\"elementor-post elementor-grid-item post-2996 post type-post status-publish format-standard has-post-thumbnail hentry category-todos-los-articulos category-derecho category-psicologia tag-amparo tag-delitos tag-derecho tag-derecho-civil tag-derecho-de-familia tag-derecho-familiar tag-derecho-penal tag-familia tag-law-corp tag-law-and-corp tag-menores tag-mexico tag-mujer tag-pjf tag-poder-judicial tag-scjn tag-sentencia tag-trending tag-trending-topic tag-violencia-vicaria\">\n\t\t\t\t<a class=\"elementor-post__thumbnail__link\" href=\"https:\/\/lawandcorp.com\/index.php\/2024\/12\/01\/violencia-vicaria-te-voy-a-dar-donde-mas-te-duele\/\" tabindex=\"-1\" >\n\t\t\t<div class=\"elementor-post__thumbnail\"><img loading=\"lazy\" decoding=\"async\" width=\"300\" height=\"200\" src=\"https:\/\/i0.wp.com\/lawandcorp.com\/wp-content\/uploads\/2024\/12\/stop-violence-against-children-2023-11-27-05-06-00-utc-min-scaled.jpg?fit=300%2C200&amp;ssl=1\" class=\"attachment-medium size-medium wp-image-2997\" alt=\"\" srcset=\"https:\/\/i0.wp.com\/lawandcorp.com\/wp-content\/uploads\/2024\/12\/stop-violence-against-children-2023-11-27-05-06-00-utc-min-scaled.jpg?w=2560&amp;ssl=1 2560w, https:\/\/i0.wp.com\/lawandcorp.com\/wp-content\/uploads\/2024\/12\/stop-violence-against-children-2023-11-27-05-06-00-utc-min-scaled.jpg?resize=300%2C200&amp;ssl=1 300w, https:\/\/i0.wp.com\/lawandcorp.com\/wp-content\/uploads\/2024\/12\/stop-violence-against-children-2023-11-27-05-06-00-utc-min-scaled.jpg?resize=1024%2C683&amp;ssl=1 1024w, https:\/\/i0.wp.com\/lawandcorp.com\/wp-content\/uploads\/2024\/12\/stop-violence-against-children-2023-11-27-05-06-00-utc-min-scaled.jpg?resize=768%2C512&amp;ssl=1 768w, https:\/\/i0.wp.com\/lawandcorp.com\/wp-content\/uploads\/2024\/12\/stop-violence-against-children-2023-11-27-05-06-00-utc-min-scaled.jpg?resize=1536%2C1024&amp;ssl=1 1536w, https:\/\/i0.wp.com\/lawandcorp.com\/wp-content\/uploads\/2024\/12\/stop-violence-against-children-2023-11-27-05-06-00-utc-min-scaled.jpg?resize=2048%2C1365&amp;ssl=1 2048w\" sizes=\"(max-width: 300px) 100vw, 300px\" \/><\/div>\n\t\t<\/a>\n\t\t\t\t<div class=\"elementor-post__text\">\n\t\t\t\t<h5 class=\"elementor-post__title\">\n\t\t\t<a href=\"https:\/\/lawandcorp.com\/index.php\/2024\/12\/01\/violencia-vicaria-te-voy-a-dar-donde-mas-te-duele\/\" >\n\t\t\t\tVIOLENCIA VICARIA: \u00abTE VOY A DAR DONDE M\u00c1S TE DUELE\u00bb\t\t\t<\/a>\n\t\t<\/h5>\n\t\t\t\t<div class=\"elementor-post__meta-data\">\n\t\t\t\t\t<span class=\"elementor-post-author\">\n\t\t\tESTHER ERIZBETH L\u00d3PEZ ESCOBAR\t\t<\/span>\n\t\t\t\t<span class=\"elementor-post-date\">\n\t\t\t1 de diciembre de 2024\t\t<\/span>\n\t\t\t\t<\/div>\n\t\t\t\t<div class=\"elementor-post__excerpt\">\n\t\t\t<p>Violencia vicaria, es aquella violencia que se ejerce sobre las hijas e hijos, abuelos maternos, hermanos o familiares y c\u00edrculos afectivos de una mujer para<\/p>\n\t\t<\/div>\n\t\t\n\t\t<a class=\"elementor-post__read-more\" href=\"https:\/\/lawandcorp.com\/index.php\/2024\/12\/01\/violencia-vicaria-te-voy-a-dar-donde-mas-te-duele\/\" aria-label=\"M\u00e1s informaci\u00f3n sobre VIOLENCIA VICARIA: \u00abTE VOY A DAR DONDE M\u00c1S TE DUELE\u00bb\" tabindex=\"-1\" >\n\t\t\t\u00a1LEER ART\u00cdCULO!\t\t<\/a>\n\n\t\t\t\t<\/div>\n\t\t\t\t<\/article>\n\t\t\t\t<article class=\"elementor-post elementor-grid-item post-2973 post type-post status-publish format-standard has-post-thumbnail hentry category-todos-los-articulos category-corporacion category-derecho category-psicologia tag-abogado tag-abogados tag-derecho tag-derecho-del-trabajo tag-derecho-fiscal tag-derecho-laboral tag-derecho-penal tag-empresa tag-empresas tag-entretenimiento tag-justicia-laboral tag-law-corp tag-law-and-corp tag-mexico tag-negocios tag-nuevo-sistema-de-justicia-laboral tag-psicologia tag-trending tag-trending-topic tag-trends\">\n\t\t\t\t<a class=\"elementor-post__thumbnail__link\" href=\"https:\/\/lawandcorp.com\/index.php\/2024\/11\/16\/personas-chiquitas-en-puestos-grandes\/\" tabindex=\"-1\" >\n\t\t\t<div class=\"elementor-post__thumbnail\"><img loading=\"lazy\" decoding=\"async\" width=\"300\" height=\"200\" src=\"https:\/\/i0.wp.com\/lawandcorp.com\/wp-content\/uploads\/2024\/11\/angry-senior-businessman-sitting-at-his-desk-and-s-2024-02-06-14-24-36-utc-min-scaled.jpg?fit=300%2C200&amp;ssl=1\" class=\"attachment-medium size-medium wp-image-2977\" alt=\"\" srcset=\"https:\/\/i0.wp.com\/lawandcorp.com\/wp-content\/uploads\/2024\/11\/angry-senior-businessman-sitting-at-his-desk-and-s-2024-02-06-14-24-36-utc-min-scaled.jpg?w=2560&amp;ssl=1 2560w, https:\/\/i0.wp.com\/lawandcorp.com\/wp-content\/uploads\/2024\/11\/angry-senior-businessman-sitting-at-his-desk-and-s-2024-02-06-14-24-36-utc-min-scaled.jpg?resize=300%2C200&amp;ssl=1 300w, https:\/\/i0.wp.com\/lawandcorp.com\/wp-content\/uploads\/2024\/11\/angry-senior-businessman-sitting-at-his-desk-and-s-2024-02-06-14-24-36-utc-min-scaled.jpg?resize=1024%2C681&amp;ssl=1 1024w, https:\/\/i0.wp.com\/lawandcorp.com\/wp-content\/uploads\/2024\/11\/angry-senior-businessman-sitting-at-his-desk-and-s-2024-02-06-14-24-36-utc-min-scaled.jpg?resize=768%2C511&amp;ssl=1 768w, https:\/\/i0.wp.com\/lawandcorp.com\/wp-content\/uploads\/2024\/11\/angry-senior-businessman-sitting-at-his-desk-and-s-2024-02-06-14-24-36-utc-min-scaled.jpg?resize=1536%2C1022&amp;ssl=1 1536w, https:\/\/i0.wp.com\/lawandcorp.com\/wp-content\/uploads\/2024\/11\/angry-senior-businessman-sitting-at-his-desk-and-s-2024-02-06-14-24-36-utc-min-scaled.jpg?resize=2048%2C1363&amp;ssl=1 2048w\" sizes=\"(max-width: 300px) 100vw, 300px\" \/><\/div>\n\t\t<\/a>\n\t\t\t\t<div class=\"elementor-post__text\">\n\t\t\t\t<h5 class=\"elementor-post__title\">\n\t\t\t<a href=\"https:\/\/lawandcorp.com\/index.php\/2024\/11\/16\/personas-chiquitas-en-puestos-grandes\/\" >\n\t\t\t\tPERSONAS CHIQUITAS EN PUESTOS GRANDES\t\t\t<\/a>\n\t\t<\/h5>\n\t\t\t\t<div class=\"elementor-post__meta-data\">\n\t\t\t\t\t<span class=\"elementor-post-author\">\n\t\t\tDANIEL ALEJANDRO MAGA\u00d1A URBINA\t\t<\/span>\n\t\t\t\t<span class=\"elementor-post-date\">\n\t\t\t16 de noviembre de 2024\t\t<\/span>\n\t\t\t\t<\/div>\n\t\t\t\t<div class=\"elementor-post__excerpt\">\n\t\t\t<p>Las relaciones laborales representan el aspecto m\u00e1s importante de una organizaci\u00f3n. Sin una regulaci\u00f3n correcta de quien detenta el poder, las consecuencias en perjuicio de<\/p>\n\t\t<\/div>\n\t\t\n\t\t<a class=\"elementor-post__read-more\" href=\"https:\/\/lawandcorp.com\/index.php\/2024\/11\/16\/personas-chiquitas-en-puestos-grandes\/\" aria-label=\"M\u00e1s informaci\u00f3n sobre PERSONAS CHIQUITAS EN PUESTOS GRANDES\" tabindex=\"-1\" >\n\t\t\t\u00a1LEER ART\u00cdCULO!\t\t<\/a>\n\n\t\t\t\t<\/div>\n\t\t\t\t<\/article>\n\t\t\t\t<\/div>\n\t\t\t\t\t<span class=\"e-load-more-spinner\">\n\t\t\t\t<i aria-hidden=\"true\" class=\"fas fa-spinner\"><\/i>\t\t\t<\/span>\n\t\t\n\t\t\t\t<div class=\"e-load-more-anchor\" data-page=\"1\" data-max-page=\"9\" data-next-page=\"https:\/\/lawandcorp.com\/index.php\/wp-json\/wp\/v2\/posts\/990\/page\/2\/\"><\/div>\n\t\t\t\t<div class=\"elementor-button-wrapper\">\n\t\t\t<a href=\"#\" class=\"elementor-button-link elementor-button\" role=\"button\">\n\t\t\t\t\t\t<span class=\"elementor-button-content-wrapper\">\n\t\t\t\t\t\t\t\t\t<span class=\"elementor-button-text\">Load More<\/span>\n\t\t\t\t\t<\/span>\n\t\t\t\t\t<\/a>\n\t\t<\/div>\n\t\t\t\t<div class=\"e-load-more-message\">No more posts to show<\/div>\n\t\t\t\t\t\t<\/div>\n\t\t\t\t<\/div>\n\t\t\t\t\t<\/div>\n\t\t<\/div>\n\t\t\t\t\t<\/div>\n\t\t<\/section>\n\t\t\t\t<\/div>\n\t\t","protected":false},"excerpt":{"rendered":"<p>Llega la Primavera, y con ello las pr\u00f3ximas vacaciones que servir\u00e1n para descansar, para viajar, para realizar actividades l\u00fadicas, y en general, para reponer un poco de las fuerzas que se emplearon durante la primera cuarta parte del a\u00f1o. Sin embargo, no todos los planes aplican igual para todos, pues cuando uno se encuentra laborando, &hellip;<\/p>\n<p class=\"read-more\"> <a class=\"\" href=\"https:\/\/lawandcorp.com\/index.php\/2024\/11\/16\/personas-chiquitas-en-puestos-grandes\/\"> <span class=\"screen-reader-text\">PERSONAS CHIQUITAS EN PUESTOS GRANDES<\/span> Leer m\u00e1s &raquo;<\/a><\/p>\n","protected":false},"author":2,"featured_media":1065,"comment_status":"closed","ping_status":"open","sticky":true,"template":"","format":"standard","meta":{"om_disable_all_campaigns":false,"_monsterinsights_skip_tracking":false,"_monsterinsights_sitenote_active":false,"_monsterinsights_sitenote_note":"","_monsterinsights_sitenote_category":0,"site-sidebar-layout":"default","site-content-layout":"default","ast-main-header-display":"","ast-hfb-above-header-display":"","ast-hfb-below-header-display":"","ast-hfb-mobile-header-display":"","site-post-title":"","ast-breadcrumbs-content":"","ast-featured-img":"","footer-sml-layout":"","theme-transparent-header-meta":"","adv-header-id-meta":"","stick-header-meta":"","header-above-stick-meta":"","header-main-stick-meta":"","header-below-stick-meta":"","_jetpack_memberships_contains_paid_content":false,"footnotes":""},"categories":[1,25,24],"tags":[29,15,27,28,31,30,32],"class_list":["post-990","post","type-post","status-publish","format-standard","has-post-thumbnail","hentry","category-todos-los-articulos","category-corporacion","category-derecho","tag-asalariados","tag-derecho","tag-derecho-laboral","tag-empresa","tag-justicia-laboral","tag-ley-federal-del-trabajo","tag-patrones"],"aioseo_notices":[],"jetpack_sharing_enabled":true,"jetpack_featured_media_url":"https:\/\/i0.wp.com\/lawandcorp.com\/wp-content\/uploads\/2022\/04\/summertime-and-vacationS-PARA-WEB.jpg?fit=645%2C438&ssl=1","jetpack-related-posts":[],"_links":{"self":[{"href":"https:\/\/lawandcorp.com\/index.php\/wp-json\/wp\/v2\/posts\/990","targetHints":{"allow":["GET"]}}],"collection":[{"href":"https:\/\/lawandcorp.com\/index.php\/wp-json\/wp\/v2\/posts"}],"about":[{"href":"https:\/\/lawandcorp.com\/index.php\/wp-json\/wp\/v2\/types\/post"}],"author":[{"embeddable":true,"href":"https:\/\/lawandcorp.com\/index.php\/wp-json\/wp\/v2\/users\/2"}],"replies":[{"embeddable":true,"href":"https:\/\/lawandcorp.com\/index.php\/wp-json\/wp\/v2\/comments?post=990"}],"version-history":[{"count":93,"href":"https:\/\/lawandcorp.com\/index.php\/wp-json\/wp\/v2\/posts\/990\/revisions"}],"predecessor-version":[{"id":1698,"href":"https:\/\/lawandcorp.com\/index.php\/wp-json\/wp\/v2\/posts\/990\/revisions\/1698"}],"wp:featuredmedia":[{"embeddable":true,"href":"https:\/\/lawandcorp.com\/index.php\/wp-json\/wp\/v2\/media\/1065"}],"wp:attachment":[{"href":"https:\/\/lawandcorp.com\/index.php\/wp-json\/wp\/v2\/media?parent=990"}],"wp:term":[{"taxonomy":"category","embeddable":true,"href":"https:\/\/lawandcorp.com\/index.php\/wp-json\/wp\/v2\/categories?post=990"},{"taxonomy":"post_tag","embeddable":true,"href":"https:\/\/lawandcorp.com\/index.php\/wp-json\/wp\/v2\/tags?post=990"}],"curies":[{"name":"wp","href":"https:\/\/api.w.org\/{rel}","templated":true}]}}